{"id":41460,"date":"2019-07-17T10:33:14","date_gmt":"2019-07-17T10:33:14","guid":{"rendered":"http:\/\/radiostargjilan.com\/web\/?p=41460"},"modified":"2019-07-17T10:33:14","modified_gmt":"2019-07-17T10:33:14","slug":"policia-apelon-qe-te-mos-perdoren-armet-neper-dasma-e-vende-publike","status":"publish","type":"post","link":"https:\/\/radiostargjilan.com\/web\/policia-apelon-qe-te-mos-perdoren-armet-neper-dasma-e-vende-publike\/","title":{"rendered":"Policia apelon q\u00eb t\u00eb mos p\u00ebrdoren arm\u00ebt n\u00ebp\u00ebr dasma e vende publike"},"content":{"rendered":"<p>Me dat\u00ebn 16 korrik 2019, gjat\u00eb nj\u00eb ahengu familjar n\u00eb fshatin Gjonaj, pronari i sht\u00ebpis\u00eb dhe mbajt\u00ebsi n\u00eb pron\u00ebsi dhe posedim n\u00eb m\u00ebnyr\u00eb t\u00eb paautorizuar t\u00eb arm\u00ebs, duke festuar ka p\u00ebrdorur arm\u00ebn duke sht\u00ebn\u00eb n\u00eb aj\u00ebr disa her\u00eb. Me k\u00ebt\u00eb veprim i nj\u00ebjti ka kryer vep\u00ebr penale dhe rasti \u00ebsht\u00eb raportuar n\u00eb Polici.<\/p>\n<p>Policia sapo ka pranuar informacionin menj\u00ebher\u00eb ka dal\u00eb n\u00eb vendin e ngjarjes dhe tek i dyshuari B. \u00c7., m\/sh\/k, i lindur n\u00eb vitin 1981, ka gjetur n\u00eb posedim dhe p\u00ebrdorim t\u00eb arm\u00ebs Pistolet\u00eb 20 ZORAKI, M906 t\u00eb kalibrit 9mm. Hetuesit dhe nj\u00ebsiti i krim teknik\u00ebs ka dal\u00eb n\u00eb vendin e ngjarjes dhe arma \u00ebsht\u00eb sekuestruar.<\/p>\n<p>N\u00eb lidhje me rastin \u00ebsht\u00eb njoftuar prokurori kompetent n\u00eb Prokurorin\u00eb Themelore n\u00eb Prizren dhe hetimet jan\u00eb duke vazhduar.<\/p>\n<p>Policia e Kosov\u00ebs n\u00eb vazhdim\u00ebsi apelon q\u00eb arm\u00ebt e zjarrit t\u00eb mos p\u00ebrdoren n\u00ebp\u00ebr ahengje familjare dhe vende publike, si dhe njoftojm\u00eb qytetar\u00ebt se Policia do t\u00eb reagoj\u00eb menj\u00ebher\u00eb n\u00eb k\u00ebto raste sipas planit operativ \u201cFesto me zem\u00ebr e jo me arm\u00eb\u201d.<\/p>\n","protected":false},"excerpt":{"rendered":"<p>Me dat\u00ebn 16 korrik 2019, gjat\u00eb nj\u00eb ahengu familjar n\u00eb fshatin Gjonaj, pronari i sht\u00ebpis\u00eb dhe mbajt\u00ebsi n\u00eb pron\u00ebsi dhe posedim n\u00eb m\u00ebnyr\u00eb t\u00eb paautorizuar t\u00eb arm\u00ebs, duke festuar ka p\u00ebrdorur arm\u00ebn duke sht\u00ebn\u00eb n\u00eb aj\u00ebr disa her\u00eb. Me k\u00ebt\u00eb veprim i nj\u00ebjti ka kryer vep\u00ebr penale dhe rasti \u00ebsht\u00eb raportuar n\u00eb Polici. Policia sapo [&hellip;]<\/p>\n","protected":false},"author":1,"featured_media":41461,"comment_status":"closed","ping_status":"closed","sticky":false,"template":"","format":"standard","meta":{"footnotes":""},"categories":[5],"tags":[],"class_list":{"0":"post-41460","1":"post","2":"type-post","3":"status-publish","4":"format-standard","5":"has-post-thumbnail","7":"category-lajme"},"_links":{"self":[{"href":"https:\/\/radiostargjilan.com\/web\/wp-json\/wp\/v2\/posts\/41460","targetHints":{"allow":["GET"]}}],"collection":[{"href":"https:\/\/radiostargjilan.com\/web\/wp-json\/wp\/v2\/posts"}],"about":[{"href":"https:\/\/radiostargjilan.com\/web\/wp-json\/wp\/v2\/types\/post"}],"author":[{"embeddable":true,"href":"https:\/\/radiostargjilan.com\/web\/wp-json\/wp\/v2\/users\/1"}],"replies":[{"embeddable":true,"href":"https:\/\/radiostargjilan.com\/web\/wp-json\/wp\/v2\/comments?post=41460"}],"version-history":[{"count":0,"href":"https:\/\/radiostargjilan.com\/web\/wp-json\/wp\/v2\/posts\/41460\/revisions"}],"wp:featuredmedia":[{"embeddable":true,"href":"https:\/\/radiostargjilan.com\/web\/wp-json\/wp\/v2\/media\/41461"}],"wp:attachment":[{"href":"https:\/\/radiostargjilan.com\/web\/wp-json\/wp\/v2\/media?parent=41460"}],"wp:term":[{"taxonomy":"category","embeddable":true,"href":"https:\/\/radiostargjilan.com\/web\/wp-json\/wp\/v2\/categories?post=41460"},{"taxonomy":"post_tag","embeddable":true,"href":"https:\/\/radiostargjilan.com\/web\/wp-json\/wp\/v2\/tags?post=41460"}],"curies":[{"name":"wp","href":"https:\/\/api.w.org\/{rel}","templated":true}]}}