{"id":41535,"date":"2019-07-19T13:48:17","date_gmt":"2019-07-19T13:48:17","guid":{"rendered":"http:\/\/radiostargjilan.com\/web\/?p=41535"},"modified":"2019-07-19T13:48:17","modified_gmt":"2019-07-19T13:48:17","slug":"fushata-vetedijesuese-dhjete-rregullat-e-arta-te-sigurise-rrugore-edhe-ne-rajonin-e-gjilanit","status":"publish","type":"post","link":"https:\/\/radiostargjilan.com\/web\/fushata-vetedijesuese-dhjete-rregullat-e-arta-te-sigurise-rrugore-edhe-ne-rajonin-e-gjilanit\/","title":{"rendered":"Fushata vet\u00ebdij\u00ebsuese \u201cDhjet\u00eb rregullat e arta t\u00eb siguris\u00eb rrugore\u201d edhe n\u00eb rajonin e Gjilanit"},"content":{"rendered":"<p>Policia e Kosov\u00ebs p\u00ebrkrah\u00eb dhe mb\u00ebshtet fushat\u00ebn vet\u00ebdij\u00ebsuese \u201c10 Rregullat e Arta t\u00eb Siguris\u00eb Rrugore\u201d e lansuar nga Ministria e Infrastruktur\u00ebs dhe Transportit, respektivisht Departamenti Koordinues i K\u00ebshillit p\u00ebr Sigurin\u00eb e Komunikacionit Rrugor.<br \/>\n\u201cMe 19 korrik 2019, kjo fushat\u00eb ka vazhduar n\u00eb Rajoni e Gjilani, ma sakt\u00eb n\u00eb pik\u00ebn kufitare \u201cPorta 5\u2033 n\u00eb \u201d Dheun e bardh\u201d, fushata ka p\u00ebr q\u00ebllim sensibilizimin\/vet\u00ebdijesimin e pjes\u00ebmarr\u00ebsve n\u00eb trafikun rrugor lidhur me respektimin e rregullave kryesore t\u00eb trafikut, uljen e numrit t\u00eb aksidenteve, ve\u00e7an\u00ebrisht gjat\u00eb sezonit veror, kur edhe rritet numri i pjes\u00ebmarr\u00ebsve n\u00eb trafikun rrugor\u201d, ka th\u00ebn\u00eb Ismet Hashani, z\u00ebdh\u00ebn\u00ebs i Policis\u00eb s\u00eb Kosov\u00ebs (PK), n\u00eb Drejtorin\u00eb Rajonale n\u00eb Gjilan.<\/p>\n<p>Fushata me q\u00ebllim preventiv, do t\u00eb vazhdoj edhe n\u00ebp\u00ebr t\u00eb gjitha rrug\u00ebt e Rajonit t\u00ea Gjilanit.<\/p>\n<p><img loading=\"lazy\" loading=\"lazy\" decoding=\"async\" src=\"http:\/\/radiostargjilan.com\/web\/wp-content\/uploads\/2019\/07\/A7749E1C-0D8F-4333-B19C-2BF1B704F78F.jpeg\" alt=\"\" width=\"640\" height=\"360\" class=\"aligncenter size-full wp-image-41536\" srcset=\"https:\/\/radiostargjilan.com\/web\/wp-content\/uploads\/2019\/07\/A7749E1C-0D8F-4333-B19C-2BF1B704F78F.jpeg 640w, https:\/\/radiostargjilan.com\/web\/wp-content\/uploads\/2019\/07\/A7749E1C-0D8F-4333-B19C-2BF1B704F78F-600x338.jpeg 600w, https:\/\/radiostargjilan.com\/web\/wp-content\/uploads\/2019\/07\/A7749E1C-0D8F-4333-B19C-2BF1B704F78F-300x169.jpeg 300w\" sizes=\"auto, (max-width: 640px) 100vw, 640px\" \/><\/p>\n<p><img loading=\"lazy\" loading=\"lazy\" decoding=\"async\" src=\"http:\/\/radiostargjilan.com\/web\/wp-content\/uploads\/2019\/07\/3AFA8639-0709-46F5-8C01-CA6D8EB7FCDE.jpeg\" alt=\"\" width=\"640\" height=\"360\" class=\"aligncenter size-full wp-image-41537\" srcset=\"https:\/\/radiostargjilan.com\/web\/wp-content\/uploads\/2019\/07\/3AFA8639-0709-46F5-8C01-CA6D8EB7FCDE.jpeg 640w, https:\/\/radiostargjilan.com\/web\/wp-content\/uploads\/2019\/07\/3AFA8639-0709-46F5-8C01-CA6D8EB7FCDE-600x338.jpeg 600w, https:\/\/radiostargjilan.com\/web\/wp-content\/uploads\/2019\/07\/3AFA8639-0709-46F5-8C01-CA6D8EB7FCDE-300x169.jpeg 300w\" sizes=\"auto, (max-width: 640px) 100vw, 640px\" \/><\/p>\n","protected":false},"excerpt":{"rendered":"<p>Policia e Kosov\u00ebs p\u00ebrkrah\u00eb dhe mb\u00ebshtet fushat\u00ebn vet\u00ebdij\u00ebsuese \u201c10 Rregullat e Arta t\u00eb Siguris\u00eb Rrugore\u201d e lansuar nga Ministria e Infrastruktur\u00ebs dhe Transportit, respektivisht Departamenti Koordinues i K\u00ebshillit p\u00ebr Sigurin\u00eb e Komunikacionit Rrugor. \u201cMe 19 korrik 2019, kjo fushat\u00eb ka vazhduar n\u00eb Rajoni e Gjilani, ma sakt\u00eb n\u00eb pik\u00ebn kufitare \u201cPorta 5\u2033 n\u00eb \u201d Dheun [&hellip;]<\/p>\n","protected":false},"author":1,"featured_media":41538,"comment_status":"closed","ping_status":"closed","sticky":false,"template":"","format":"standard","meta":{"footnotes":""},"categories":[5],"tags":[],"class_list":{"0":"post-41535","1":"post","2":"type-post","3":"status-publish","4":"format-standard","5":"has-post-thumbnail","7":"category-lajme"},"_links":{"self":[{"href":"https:\/\/radiostargjilan.com\/web\/wp-json\/wp\/v2\/posts\/41535","targetHints":{"allow":["GET"]}}],"collection":[{"href":"https:\/\/radiostargjilan.com\/web\/wp-json\/wp\/v2\/posts"}],"about":[{"href":"https:\/\/radiostargjilan.com\/web\/wp-json\/wp\/v2\/types\/post"}],"author":[{"embeddable":true,"href":"https:\/\/radiostargjilan.com\/web\/wp-json\/wp\/v2\/users\/1"}],"replies":[{"embeddable":true,"href":"https:\/\/radiostargjilan.com\/web\/wp-json\/wp\/v2\/comments?post=41535"}],"version-history":[{"count":0,"href":"https:\/\/radiostargjilan.com\/web\/wp-json\/wp\/v2\/posts\/41535\/revisions"}],"wp:featuredmedia":[{"embeddable":true,"href":"https:\/\/radiostargjilan.com\/web\/wp-json\/wp\/v2\/media\/41538"}],"wp:attachment":[{"href":"https:\/\/radiostargjilan.com\/web\/wp-json\/wp\/v2\/media?parent=41535"}],"wp:term":[{"taxonomy":"category","embeddable":true,"href":"https:\/\/radiostargjilan.com\/web\/wp-json\/wp\/v2\/categories?post=41535"},{"taxonomy":"post_tag","embeddable":true,"href":"https:\/\/radiostargjilan.com\/web\/wp-json\/wp\/v2\/tags?post=41535"}],"curies":[{"name":"wp","href":"https:\/\/api.w.org\/{rel}","templated":true}]}}