{"id":42535,"date":"2019-08-30T15:33:16","date_gmt":"2019-08-30T15:33:16","guid":{"rendered":"http:\/\/radiostargjilan.com\/web\/?p=42535"},"modified":"2019-08-30T15:33:16","modified_gmt":"2019-08-30T15:33:16","slug":"luan-latifi-emerohet-kryeshef-ekzekutiv-i-kpm-se","status":"publish","type":"post","link":"https:\/\/radiostargjilan.com\/web\/luan-latifi-emerohet-kryeshef-ekzekutiv-i-kpm-se\/","title":{"rendered":"Luan Latifi em\u00ebrohet kryeshef ekzekutiv i KPM-s\u00eb"},"content":{"rendered":"<p>Komisioni i Pavarur i Mediave me votim unanim nga t\u00eb gjith\u00eb an\u00ebtar\u00ebt e ka em\u00ebruar Luan Latifin, kryeshef ekzekutiv t\u00eb KPM-s\u00eb.<\/p>\n<p>Sipas nj\u00eb komunikate t\u00eb KPM-s\u00eb, vendimi p\u00ebr em\u00ebrimin e Latifi p\u00ebr kryeshef ekzekutiv \u00ebsht\u00eb marr\u00eb duke u bazuar n\u00eb rezultatet e arritura konkursin publik p\u00ebr pozit\u00ebn kryeshef ekzekutiv t\u00eb KPM-s\u00eb, t\u00eb organizuar nga Ministria e Administrat\u00ebs Publike (MAP).<\/p>\n<p>Luan LATIFI \u00ebsht\u00eb i lindur m\u00eb 2 n\u00ebntor 1975, n\u00eb Gjilan. Studimet themelore i ka p\u00ebrfunduar n\u00eb Prishtin\u00eb, Fakulteti Filozofik \u2013 drejtimin Sociologji, nd\u00ebrsa studimet Master i ka p\u00ebrfunduar n\u00eb Gazetari, n\u00eb Institutin Kosovar p\u00ebr Gazetari dhe Komunikim (KIJAC).<\/p>\n<p>Luan LATIFI \u00ebsht\u00eb i martuar dhe ka dy f\u00ebmij\u00eb.\/<\/p>\n","protected":false},"excerpt":{"rendered":"<p>Komisioni i Pavarur i Mediave me votim unanim nga t\u00eb gjith\u00eb an\u00ebtar\u00ebt e ka em\u00ebruar Luan Latifin, kryeshef ekzekutiv t\u00eb KPM-s\u00eb. Sipas nj\u00eb komunikate t\u00eb KPM-s\u00eb, vendimi p\u00ebr em\u00ebrimin e Latifi p\u00ebr kryeshef ekzekutiv \u00ebsht\u00eb marr\u00eb duke u bazuar n\u00eb rezultatet e arritura konkursin publik p\u00ebr pozit\u00ebn kryeshef ekzekutiv t\u00eb KPM-s\u00eb, t\u00eb organizuar nga Ministria [&hellip;]<\/p>\n","protected":false},"author":1,"featured_media":42536,"comment_status":"closed","ping_status":"closed","sticky":false,"template":"","format":"standard","meta":{"footnotes":""},"categories":[5],"tags":[],"class_list":{"0":"post-42535","1":"post","2":"type-post","3":"status-publish","4":"format-standard","5":"has-post-thumbnail","7":"category-lajme"},"_links":{"self":[{"href":"https:\/\/radiostargjilan.com\/web\/wp-json\/wp\/v2\/posts\/42535","targetHints":{"allow":["GET"]}}],"collection":[{"href":"https:\/\/radiostargjilan.com\/web\/wp-json\/wp\/v2\/posts"}],"about":[{"href":"https:\/\/radiostargjilan.com\/web\/wp-json\/wp\/v2\/types\/post"}],"author":[{"embeddable":true,"href":"https:\/\/radiostargjilan.com\/web\/wp-json\/wp\/v2\/users\/1"}],"replies":[{"embeddable":true,"href":"https:\/\/radiostargjilan.com\/web\/wp-json\/wp\/v2\/comments?post=42535"}],"version-history":[{"count":0,"href":"https:\/\/radiostargjilan.com\/web\/wp-json\/wp\/v2\/posts\/42535\/revisions"}],"wp:featuredmedia":[{"embeddable":true,"href":"https:\/\/radiostargjilan.com\/web\/wp-json\/wp\/v2\/media\/42536"}],"wp:attachment":[{"href":"https:\/\/radiostargjilan.com\/web\/wp-json\/wp\/v2\/media?parent=42535"}],"wp:term":[{"taxonomy":"category","embeddable":true,"href":"https:\/\/radiostargjilan.com\/web\/wp-json\/wp\/v2\/categories?post=42535"},{"taxonomy":"post_tag","embeddable":true,"href":"https:\/\/radiostargjilan.com\/web\/wp-json\/wp\/v2\/tags?post=42535"}],"curies":[{"name":"wp","href":"https:\/\/api.w.org\/{rel}","templated":true}]}}