{"id":42541,"date":"2019-08-30T15:50:18","date_gmt":"2019-08-30T15:50:18","guid":{"rendered":"http:\/\/radiostargjilan.com\/web\/?p=42541"},"modified":"2019-08-30T15:50:18","modified_gmt":"2019-08-30T15:50:18","slug":"funksionalizohet-shtabi-i-ldkse-ne-gjilan-fryme-e-jashtezakonshme-e-mobilizimit","status":"publish","type":"post","link":"https:\/\/radiostargjilan.com\/web\/funksionalizohet-shtabi-i-ldkse-ne-gjilan-fryme-e-jashtezakonshme-e-mobilizimit\/","title":{"rendered":"Funksionalizohet Shtabi i LDK\u2019s\u00eb n\u00eb Gjilan, frym\u00eb e jasht\u00ebzakonshme e mobilizimit"},"content":{"rendered":"<p>N\u00ebn udh\u00ebheqjen e kryetarit t\u00eb Shtabit Zgjedhor t\u00eb Lidhjes Demokratike t\u00eb Kosov\u00ebs n\u00eb Gjilan, Arben Mehmeti, i cili dit\u00eb m\u00eb par\u00eb u em\u00ebrua nga Lutfi Haziri, n\u00ebnkryetar dhe udh\u00ebheq\u00ebs i politikave t\u00eb LDK\u2019s\u00eb n\u00eb k\u00ebt\u00eb faz\u00eb, \u00ebsht\u00eb mbajtur sot takimi i par\u00eb i funksionalizimit, ku edhe jan\u00eb ndar p\u00ebrgjegj\u00ebsit\u00eb sektoriale.<\/p>\n<p>Kryetari i Shabit Zgjedhor, Arben Mehmeti, ka deklaruar se fryma e jasht\u00ebzakonshme mobilizuese e cila po mbret\u00ebron n\u00eb LDK, \u00ebsht\u00eb garanca m\u00eb e fort\u00eb p\u00ebr fitoren e madhe n\u00eb Gjilan, Anamorav\u00eb dhe mbar\u00eb Kosov\u00ebn, t\u00eb cil\u00ebs i prin kandidatja p\u00ebr kryeministre, Vjosa Osmani.<\/p>\n<p>Shtabi i Deg\u00ebs s\u00eb LDK\u2019s\u00eb s\u00eb Gjilanit vler\u00ebsoi se do t\u00eb punohet me modelin e zgjedhjeve t\u00eb vitit 2017, kur Lutfi Haziri mori mb\u00ebshtetjen e jasht\u00ebzakonshme partiake e qytetare.<\/p>\n<p>Po ashtu, Shtabi i Deg\u00ebs ka k\u00ebrkuar q\u00eb t\u00eb funksionalizohen maksimalisht shtabet e n\u00ebndeg\u00ebve dhe t\u00eb Forumit t\u00eb Rinis\u00eb e Forumit t\u00eb Gruas.<\/p>\n","protected":false},"excerpt":{"rendered":"<p>N\u00ebn udh\u00ebheqjen e kryetarit t\u00eb Shtabit Zgjedhor t\u00eb Lidhjes Demokratike t\u00eb Kosov\u00ebs n\u00eb Gjilan, Arben Mehmeti, i cili dit\u00eb m\u00eb par\u00eb u em\u00ebrua nga Lutfi Haziri, n\u00ebnkryetar dhe udh\u00ebheq\u00ebs i politikave t\u00eb LDK\u2019s\u00eb n\u00eb k\u00ebt\u00eb faz\u00eb, \u00ebsht\u00eb mbajtur sot takimi i par\u00eb i funksionalizimit, ku edhe jan\u00eb ndar p\u00ebrgjegj\u00ebsit\u00eb sektoriale. Kryetari i Shabit Zgjedhor, Arben [&hellip;]<\/p>\n","protected":false},"author":1,"featured_media":42542,"comment_status":"closed","ping_status":"closed","sticky":false,"template":"","format":"standard","meta":{"footnotes":""},"categories":[5],"tags":[],"class_list":{"0":"post-42541","1":"post","2":"type-post","3":"status-publish","4":"format-standard","5":"has-post-thumbnail","7":"category-lajme"},"_links":{"self":[{"href":"https:\/\/radiostargjilan.com\/web\/wp-json\/wp\/v2\/posts\/42541","targetHints":{"allow":["GET"]}}],"collection":[{"href":"https:\/\/radiostargjilan.com\/web\/wp-json\/wp\/v2\/posts"}],"about":[{"href":"https:\/\/radiostargjilan.com\/web\/wp-json\/wp\/v2\/types\/post"}],"author":[{"embeddable":true,"href":"https:\/\/radiostargjilan.com\/web\/wp-json\/wp\/v2\/users\/1"}],"replies":[{"embeddable":true,"href":"https:\/\/radiostargjilan.com\/web\/wp-json\/wp\/v2\/comments?post=42541"}],"version-history":[{"count":0,"href":"https:\/\/radiostargjilan.com\/web\/wp-json\/wp\/v2\/posts\/42541\/revisions"}],"wp:featuredmedia":[{"embeddable":true,"href":"https:\/\/radiostargjilan.com\/web\/wp-json\/wp\/v2\/media\/42542"}],"wp:attachment":[{"href":"https:\/\/radiostargjilan.com\/web\/wp-json\/wp\/v2\/media?parent=42541"}],"wp:term":[{"taxonomy":"category","embeddable":true,"href":"https:\/\/radiostargjilan.com\/web\/wp-json\/wp\/v2\/categories?post=42541"},{"taxonomy":"post_tag","embeddable":true,"href":"https:\/\/radiostargjilan.com\/web\/wp-json\/wp\/v2\/tags?post=42541"}],"curies":[{"name":"wp","href":"https:\/\/api.w.org\/{rel}","templated":true}]}}