{"id":42805,"date":"2019-09-09T08:21:49","date_gmt":"2019-09-09T08:21:49","guid":{"rendered":"http:\/\/radiostargjilan.com\/web\/?p=42805"},"modified":"2019-09-09T08:21:49","modified_gmt":"2019-09-09T08:21:49","slug":"ne-gjilan-u-mbajt-nje-sfilade-tradicionale-per-femije-dhe-te-rinje-me-nevoja-te-vecanta","status":"publish","type":"post","link":"https:\/\/radiostargjilan.com\/web\/ne-gjilan-u-mbajt-nje-sfilade-tradicionale-per-femije-dhe-te-rinje-me-nevoja-te-vecanta\/","title":{"rendered":"N\u00eb Gjilan, u mbajt nj\u00eb Sfilad\u00eb Tradicionale, p\u00ebr f\u00ebmij\u00eb dhe t\u00eb Rinj\u00eb me nevoja t\u00eb ve\u00e7anta"},"content":{"rendered":"<p>N\u00eb Gjilan m\u00eb 07,shtator 2019 n\u00eb qend\u00ebr t\u00eb Gjilan&#8217;it tek platoja e &#8220;Idriz Seferi-it&#8221; u mbajt nj\u00eb Sfilad\u00eb Tradicionale, p\u00ebr f\u00ebmij\u00eb dhe t\u00eb Rinj\u00eb me Nevoja t\u00eb Vecanta.<\/p>\n<p>Down Syndrom Kosova -&#8220;DSK&#8221; n\u00eb regjionin e Gjilsn&#8217;it e udh\u00ebhequr nga znj.Almedina Morina Koordinatore solli prezente nj\u00eb num\u00ebr t\u00eb konsiderueshem pjesmarr\u00ebse t\u00eb t\u00eb Rinj\u00ebve me k\u00ebt\u00eb kromozom t\u00eb Dashuris, p\u00ebr k\u00ebt\u00eb kategori.<br \/>\nReisi ishte f\u00ebmija i cili b\u00ebri atmosfer festive dhe grumbulloj shum gjilanas, p\u00ebr rreth, ky aktivitet ka p\u00ebr qellim sinzibilizimin e opinjonit t\u00eb gj\u00eb, mbi r\u00ebnd\u00ebsin dhe vler\u00ebn qe kan k\u00ebta f\u00ebmij\u00eb. <\/p>\n<p>Ky Aktivitet u Organizua nga vullnetar\u00ebt Fitim Sejdiu dhe Shpresa Orana Sejdiu, nd\u00ebrsa u financua nga Ministria p\u00ebr Kultur\u00eb, Rinis\u00eb dhe Sportit &#8211; Departamenti i Trashigimis\u00eb kulturore si dhe Komuna e Gjilan&#8217;it. <\/p>\n<p>P\u00ebr veshjen Tradicionsle u p\u00ebrkujdes &#8220;OJQ Dita&#8221; Gjilan<br \/>\nne shum shpejt dot\u00eb ju vizitojm edhe Komunat, p\u00ebr rreth.<\/p>\n","protected":false},"excerpt":{"rendered":"<p>N\u00eb Gjilan m\u00eb 07,shtator 2019 n\u00eb qend\u00ebr t\u00eb Gjilan&#8217;it tek platoja e &#8220;Idriz Seferi-it&#8221; u mbajt nj\u00eb Sfilad\u00eb Tradicionale, p\u00ebr f\u00ebmij\u00eb dhe t\u00eb Rinj\u00eb me Nevoja t\u00eb Vecanta. Down Syndrom Kosova -&#8220;DSK&#8221; n\u00eb regjionin e Gjilsn&#8217;it e udh\u00ebhequr nga znj.Almedina Morina Koordinatore solli prezente nj\u00eb num\u00ebr t\u00eb konsiderueshem pjesmarr\u00ebse t\u00eb t\u00eb Rinj\u00ebve me k\u00ebt\u00eb kromozom [&hellip;]<\/p>\n","protected":false},"author":1,"featured_media":42806,"comment_status":"closed","ping_status":"closed","sticky":false,"template":"","format":"standard","meta":{"footnotes":""},"categories":[5],"tags":[],"class_list":{"0":"post-42805","1":"post","2":"type-post","3":"status-publish","4":"format-standard","5":"has-post-thumbnail","7":"category-lajme"},"_links":{"self":[{"href":"https:\/\/radiostargjilan.com\/web\/wp-json\/wp\/v2\/posts\/42805","targetHints":{"allow":["GET"]}}],"collection":[{"href":"https:\/\/radiostargjilan.com\/web\/wp-json\/wp\/v2\/posts"}],"about":[{"href":"https:\/\/radiostargjilan.com\/web\/wp-json\/wp\/v2\/types\/post"}],"author":[{"embeddable":true,"href":"https:\/\/radiostargjilan.com\/web\/wp-json\/wp\/v2\/users\/1"}],"replies":[{"embeddable":true,"href":"https:\/\/radiostargjilan.com\/web\/wp-json\/wp\/v2\/comments?post=42805"}],"version-history":[{"count":0,"href":"https:\/\/radiostargjilan.com\/web\/wp-json\/wp\/v2\/posts\/42805\/revisions"}],"wp:featuredmedia":[{"embeddable":true,"href":"https:\/\/radiostargjilan.com\/web\/wp-json\/wp\/v2\/media\/42806"}],"wp:attachment":[{"href":"https:\/\/radiostargjilan.com\/web\/wp-json\/wp\/v2\/media?parent=42805"}],"wp:term":[{"taxonomy":"category","embeddable":true,"href":"https:\/\/radiostargjilan.com\/web\/wp-json\/wp\/v2\/categories?post=42805"},{"taxonomy":"post_tag","embeddable":true,"href":"https:\/\/radiostargjilan.com\/web\/wp-json\/wp\/v2\/tags?post=42805"}],"curies":[{"name":"wp","href":"https:\/\/api.w.org\/{rel}","templated":true}]}}