{"id":42814,"date":"2019-09-09T11:37:46","date_gmt":"2019-09-09T11:37:46","guid":{"rendered":"http:\/\/radiostargjilan.com\/web\/?p=42814"},"modified":"2019-09-09T11:37:46","modified_gmt":"2019-09-09T11:37:46","slug":"fatmir-rexhepi-i-nominuar-per-deputet-nga-ldk","status":"publish","type":"post","link":"https:\/\/radiostargjilan.com\/web\/fatmir-rexhepi-i-nominuar-per-deputet-nga-ldk\/","title":{"rendered":"Fatmir Rexhepi i nominuar p\u00ebr deputet nga LDK!"},"content":{"rendered":"<p>Miq, dashamir\u00eb dhe mb\u00ebshtet\u00ebs t\u00eb Lidhjes Demokratike t\u00eb Kosov\u00ebs.<\/p>\n<p>Kam k\u00ebnaq\u00ebsin\u00eb q\u00eb n\u00eb prag t\u00eb zgjedhjeve nacionale t\u00eb ju adresohem si kandidat i nominuar p\u00ebr deputet n\u00eb kuvendin e Republik\u00ebs s\u00eb Kosov\u00ebs. Nj\u00ebherit nominimi im n\u00eb k\u00ebt\u00eb list\u00eb shpreh vullnetin dhe vler\u00ebsimin nga ana partis\u00eb p\u00ebr t\u00eb p\u00ebrfaq\u00ebsuar dinjitetsh\u00ebm programin, objektivat dhe strategjin\u00eb e LDK-s\u00eb p\u00ebr Kosov\u00ebn evropiane si dhe p\u00ebr m\u00eb shum\u00eb prosperitet, demokraci, zhvillim, edukim t\u00eb mir\u00eb dhe pun\u00ebsim.<\/p>\n<p>Si gjithmon\u00eb, un\u00eb do t\u00eb p\u00ebrpiqem q\u00eb t\u00eb jem z\u00ebri juaj n\u00eb parlament, dhe t\u00eb p\u00ebrfaq\u00ebsoj interesat e \u00e7do brezi dhe \u00e7do qytetari, duke ju mbetur besnik si p\u00ebrher\u00eb n\u00eb parimet morale, profesionale dhe ideologjike q\u00eb neve na bashkojn\u00eb.<\/p>\n<p>Besimi n\u00eb vlera tona tradicionale si familja, kombi  dhe shteti na ka mbajtur t\u00eb bashkuar n\u00ebp\u00ebr dekada p\u00ebrkund\u00ebr sfidave t\u00eb ndryshme, andaj, si rezultat i k\u00ebsaj lidhje n\u00eb mes nesh dhe me mb\u00ebshtetjen tuaj si gjithmon\u00eb un\u00eb do t\u00eb marr p\u00ebrgjegj\u00ebsin\u00eb time si deputet qe t\u00eb p\u00ebrfaq\u00ebsoje k\u00ebto vlera gjat\u00eb mandatit t\u00eb ri Parlamentar dhe n\u00eb p\u00ebrkrahje t\u00eb plot\u00eb t\u00eb  Znj. Vjosa Osmanit si Kryeministre e ardhshme Qeveris\u00eb s\u00eb Republik\u00ebs s\u00eb Kosov\u00ebs.<\/p>\n<p>Lidhja Demokratike e Kosov\u00ebs \u00ebsht\u00eb sht\u00ebpia jon\u00eb t\u00eb cil\u00ebn e nd\u00ebrtuam t\u00eb gjith\u00eb s\u00eb bashku ashtu, si nd\u00ebrtuam frontin e madh demokratik p\u00ebr Liri, Pavar\u00ebsi dhe Demokraci n\u00ebn drejtimin e Presidentit Rugova, andaj me besim t\u00eb plot\u00eb tek ju ndihem i nderuar q\u00eb t\u00eb ftoj t\u00eb gjith\u00eb demokrat\u00ebt e t\u00eb gjitha brezave t\u00eb na bashk\u00ebngjiteni n\u00eb projektin e ri drejt shtetnd\u00ebrtimit dhe integrimit te Kosov\u00ebs n\u00eb familjen evropiane.<\/p>\n","protected":false},"excerpt":{"rendered":"<p>Miq, dashamir\u00eb dhe mb\u00ebshtet\u00ebs t\u00eb Lidhjes Demokratike t\u00eb Kosov\u00ebs. Kam k\u00ebnaq\u00ebsin\u00eb q\u00eb n\u00eb prag t\u00eb zgjedhjeve nacionale t\u00eb ju adresohem si kandidat i nominuar p\u00ebr deputet n\u00eb kuvendin e Republik\u00ebs s\u00eb Kosov\u00ebs. Nj\u00ebherit nominimi im n\u00eb k\u00ebt\u00eb list\u00eb shpreh vullnetin dhe vler\u00ebsimin nga ana partis\u00eb p\u00ebr t\u00eb p\u00ebrfaq\u00ebsuar dinjitetsh\u00ebm programin, objektivat dhe strategjin\u00eb e LDK-s\u00eb [&hellip;]<\/p>\n","protected":false},"author":1,"featured_media":42815,"comment_status":"closed","ping_status":"closed","sticky":false,"template":"","format":"standard","meta":{"footnotes":""},"categories":[5],"tags":[],"class_list":{"0":"post-42814","1":"post","2":"type-post","3":"status-publish","4":"format-standard","5":"has-post-thumbnail","7":"category-lajme"},"_links":{"self":[{"href":"https:\/\/radiostargjilan.com\/web\/wp-json\/wp\/v2\/posts\/42814","targetHints":{"allow":["GET"]}}],"collection":[{"href":"https:\/\/radiostargjilan.com\/web\/wp-json\/wp\/v2\/posts"}],"about":[{"href":"https:\/\/radiostargjilan.com\/web\/wp-json\/wp\/v2\/types\/post"}],"author":[{"embeddable":true,"href":"https:\/\/radiostargjilan.com\/web\/wp-json\/wp\/v2\/users\/1"}],"replies":[{"embeddable":true,"href":"https:\/\/radiostargjilan.com\/web\/wp-json\/wp\/v2\/comments?post=42814"}],"version-history":[{"count":0,"href":"https:\/\/radiostargjilan.com\/web\/wp-json\/wp\/v2\/posts\/42814\/revisions"}],"wp:featuredmedia":[{"embeddable":true,"href":"https:\/\/radiostargjilan.com\/web\/wp-json\/wp\/v2\/media\/42815"}],"wp:attachment":[{"href":"https:\/\/radiostargjilan.com\/web\/wp-json\/wp\/v2\/media?parent=42814"}],"wp:term":[{"taxonomy":"category","embeddable":true,"href":"https:\/\/radiostargjilan.com\/web\/wp-json\/wp\/v2\/categories?post=42814"},{"taxonomy":"post_tag","embeddable":true,"href":"https:\/\/radiostargjilan.com\/web\/wp-json\/wp\/v2\/tags?post=42814"}],"curies":[{"name":"wp","href":"https:\/\/api.w.org\/{rel}","templated":true}]}}