{"id":42868,"date":"2019-09-10T10:26:44","date_gmt":"2019-09-10T10:26:44","guid":{"rendered":"http:\/\/radiostargjilan.com\/web\/?p=42868"},"modified":"2019-09-10T10:26:44","modified_gmt":"2019-09-10T10:26:44","slug":"kandidati-per-deputet-bislimi-me-besimin-e-qytetareve-do-te-dalim-faqebardhe","status":"publish","type":"post","link":"https:\/\/radiostargjilan.com\/web\/kandidati-per-deputet-bislimi-me-besimin-e-qytetareve-do-te-dalim-faqebardhe\/","title":{"rendered":"Kandidati p\u00ebr deputet, Bislimi: Me besimin e qytetar\u00ebve do t\u00eb dalim faqebardh\u00eb"},"content":{"rendered":"<p>P\u00ebrmes nj\u00eb postimi n\u00eb Facebook, Bislimi ka th\u00ebn\u00eb se do \u00a0t\u00eb p\u00ebrpiqet t\u00eb jet\u00eb z\u00ebri i qeverisjes s\u00eb mir\u00eb dhe z\u00ebri i shoq\u00ebris\u00eb.<\/p>\n<p>P\u00ebr m\u00eb shum\u00eb lexojeni postimin e plot\u00eb:<\/p>\n<p>T\u00eb nderuar qytetar\u00eb t\u00eb Republik\u00ebs s\u00eb Kosov\u00ebs,<\/p>\n<p>\u00cbsht\u00eb krenari dhe privilegj t\u00eb jem pjes\u00eb e list\u00ebs s\u00eb kandidat\u00ebve p\u00ebr deputet n\u00eb Parlamentin e Kosov\u00ebs nga radh\u00ebt e PDK.<\/p>\n<p>Urojm\u00eb p\u00ear proces zgjedhor t\u00eb qytet\u00ebruar dhe demokratik.<br \/>\nMe emrin e Zotit dhe besimin e qytetar\u00ebve do t\u00eb dalim faqebardh\u00eb t\u00eb gjith\u00eb neve pa dallim.<\/p>\n<p>P\u00ebr t\u00eb mir\u00ebn e perbashk\u00ebt.<\/p>\n<p>Nd\u00ebrtojm\u00eb t\u00eb ardhmen p\u00ebr ty dhe p\u00ebr shtetin.<\/p>\n<p>#PDK<br \/>\n#KadriVeseliKryeminister<br \/>\n#ArbenBislimi44 \u2705<\/p>\n","protected":false},"excerpt":{"rendered":"<p>P\u00ebrmes nj\u00eb postimi n\u00eb Facebook, Bislimi ka th\u00ebn\u00eb se do \u00a0t\u00eb p\u00ebrpiqet t\u00eb jet\u00eb z\u00ebri i qeverisjes s\u00eb mir\u00eb dhe z\u00ebri i shoq\u00ebris\u00eb. P\u00ebr m\u00eb shum\u00eb lexojeni postimin e plot\u00eb: T\u00eb nderuar qytetar\u00eb t\u00eb Republik\u00ebs s\u00eb Kosov\u00ebs, \u00cbsht\u00eb krenari dhe privilegj t\u00eb jem pjes\u00eb e list\u00ebs s\u00eb kandidat\u00ebve p\u00ebr deputet n\u00eb Parlamentin e Kosov\u00ebs nga [&hellip;]<\/p>\n","protected":false},"author":1,"featured_media":42869,"comment_status":"closed","ping_status":"closed","sticky":false,"template":"","format":"standard","meta":{"footnotes":""},"categories":[5],"tags":[],"class_list":{"0":"post-42868","1":"post","2":"type-post","3":"status-publish","4":"format-standard","5":"has-post-thumbnail","7":"category-lajme"},"_links":{"self":[{"href":"https:\/\/radiostargjilan.com\/web\/wp-json\/wp\/v2\/posts\/42868","targetHints":{"allow":["GET"]}}],"collection":[{"href":"https:\/\/radiostargjilan.com\/web\/wp-json\/wp\/v2\/posts"}],"about":[{"href":"https:\/\/radiostargjilan.com\/web\/wp-json\/wp\/v2\/types\/post"}],"author":[{"embeddable":true,"href":"https:\/\/radiostargjilan.com\/web\/wp-json\/wp\/v2\/users\/1"}],"replies":[{"embeddable":true,"href":"https:\/\/radiostargjilan.com\/web\/wp-json\/wp\/v2\/comments?post=42868"}],"version-history":[{"count":0,"href":"https:\/\/radiostargjilan.com\/web\/wp-json\/wp\/v2\/posts\/42868\/revisions"}],"wp:featuredmedia":[{"embeddable":true,"href":"https:\/\/radiostargjilan.com\/web\/wp-json\/wp\/v2\/media\/42869"}],"wp:attachment":[{"href":"https:\/\/radiostargjilan.com\/web\/wp-json\/wp\/v2\/media?parent=42868"}],"wp:term":[{"taxonomy":"category","embeddable":true,"href":"https:\/\/radiostargjilan.com\/web\/wp-json\/wp\/v2\/categories?post=42868"},{"taxonomy":"post_tag","embeddable":true,"href":"https:\/\/radiostargjilan.com\/web\/wp-json\/wp\/v2\/tags?post=42868"}],"curies":[{"name":"wp","href":"https:\/\/api.w.org\/{rel}","templated":true}]}}