{"id":42871,"date":"2019-09-10T14:59:58","date_gmt":"2019-09-10T14:59:58","guid":{"rendered":"http:\/\/radiostargjilan.com\/web\/?p=42871"},"modified":"2019-09-10T14:59:58","modified_gmt":"2019-09-10T14:59:58","slug":"zyrtare-franc-veliu-futbollist-i-gjilanit","status":"publish","type":"post","link":"https:\/\/radiostargjilan.com\/web\/zyrtare-franc-veliu-futbollist-i-gjilanit\/","title":{"rendered":"Zyrtare: Franc Veliu futbollist i Gjilanit"},"content":{"rendered":"<p>Gjilani ka arritur marr\u00ebveshje me qend\u00ebrmbrojt\u00ebsin nga Shqip\u00ebria, Franc Veliu.<\/p>\n<p>Veliu i lindur n\u00eb Vlor\u00eb, n\u00eb skuadr\u00ebn e Gjilanit vie si futbollist i lir\u00eb.Ai edicionin e fundit kishte mbrojtur ngjyart e ekipit nga qytetit i tij\u00eb lindjes, FC Flamurtari.<\/p>\n<p>Mbrojt\u00ebsi m\u00eb i ri i Gjilanit ka mjaft p\u00ebrvoj n\u00eb karrieren e tij\u00eb futbollistike, ku m\u00eb par\u00eb kishte mbrojtur ngjyrat e skuadrave nga Shqip\u00ebria, si ajo e Partizanit dhe e Kuk\u00ebsit.<\/p>\n<p>30 vje\u00e7ari gjithashtu ishte pjes\u00eb e komb\u00ebtar\u00ebs s\u00eb Shqip\u00ebris\u00eb, me \u00e7&#8217;rast ai kishte pasur 7 paraqitje me kuq e zinjt\u00eb, ku ishte pjes\u00eb e saj nga viti 2009 deri n\u00eb vitin 2013.<\/p>\n","protected":false},"excerpt":{"rendered":"<p>Gjilani ka arritur marr\u00ebveshje me qend\u00ebrmbrojt\u00ebsin nga Shqip\u00ebria, Franc Veliu. Veliu i lindur n\u00eb Vlor\u00eb, n\u00eb skuadr\u00ebn e Gjilanit vie si futbollist i lir\u00eb.Ai edicionin e fundit kishte mbrojtur ngjyart e ekipit nga qytetit i tij\u00eb lindjes, FC Flamurtari. Mbrojt\u00ebsi m\u00eb i ri i Gjilanit ka mjaft p\u00ebrvoj n\u00eb karrieren e tij\u00eb futbollistike, ku m\u00eb [&hellip;]<\/p>\n","protected":false},"author":1,"featured_media":42872,"comment_status":"closed","ping_status":"closed","sticky":false,"template":"","format":"standard","meta":{"footnotes":""},"categories":[5],"tags":[],"class_list":{"0":"post-42871","1":"post","2":"type-post","3":"status-publish","4":"format-standard","5":"has-post-thumbnail","7":"category-lajme"},"_links":{"self":[{"href":"https:\/\/radiostargjilan.com\/web\/wp-json\/wp\/v2\/posts\/42871","targetHints":{"allow":["GET"]}}],"collection":[{"href":"https:\/\/radiostargjilan.com\/web\/wp-json\/wp\/v2\/posts"}],"about":[{"href":"https:\/\/radiostargjilan.com\/web\/wp-json\/wp\/v2\/types\/post"}],"author":[{"embeddable":true,"href":"https:\/\/radiostargjilan.com\/web\/wp-json\/wp\/v2\/users\/1"}],"replies":[{"embeddable":true,"href":"https:\/\/radiostargjilan.com\/web\/wp-json\/wp\/v2\/comments?post=42871"}],"version-history":[{"count":0,"href":"https:\/\/radiostargjilan.com\/web\/wp-json\/wp\/v2\/posts\/42871\/revisions"}],"wp:featuredmedia":[{"embeddable":true,"href":"https:\/\/radiostargjilan.com\/web\/wp-json\/wp\/v2\/media\/42872"}],"wp:attachment":[{"href":"https:\/\/radiostargjilan.com\/web\/wp-json\/wp\/v2\/media?parent=42871"}],"wp:term":[{"taxonomy":"category","embeddable":true,"href":"https:\/\/radiostargjilan.com\/web\/wp-json\/wp\/v2\/categories?post=42871"},{"taxonomy":"post_tag","embeddable":true,"href":"https:\/\/radiostargjilan.com\/web\/wp-json\/wp\/v2\/tags?post=42871"}],"curies":[{"name":"wp","href":"https:\/\/api.w.org\/{rel}","templated":true}]}}