{"id":42952,"date":"2019-09-11T22:59:35","date_gmt":"2019-09-11T22:59:35","guid":{"rendered":"http:\/\/radiostargjilan.com\/web\/?p=42952"},"modified":"2019-09-11T22:59:35","modified_gmt":"2019-09-11T22:59:35","slug":"nga-ldk-reagojne-pas-perleshjes-fizike-te-kandidateve-te-vv-se-e-psd-se","status":"publish","type":"post","link":"https:\/\/radiostargjilan.com\/web\/nga-ldk-reagojne-pas-perleshjes-fizike-te-kandidateve-te-vv-se-e-psd-se\/","title":{"rendered":"Nga LDK reagojn\u00eb pas p\u00ebrleshjes fizike t\u00eb kandidat\u00ebve t\u00eb VV-s\u00eb e PSD-s\u00eb"},"content":{"rendered":"<p>An\u00ebtari i kryesis\u00eb s\u00eb Lidhjes Demokratike t\u00eb Kosov\u00ebs, Lumir Abdixhiku ka reaguar pas p\u00ebrleshjes fizike t\u00eb Haki Abazit nga Vet\u00ebvendosje dhe Dardan Molliqajt nga Partia Socialdemokrate.<\/p>\n<p>Ai ka p\u00ebrfituar nga ky rast p\u00ebr t\u00eb vler\u00ebsuar se LDK \u00ebsht\u00eb model tjet\u00ebr prej subjekteve t\u00eb tjera politike.<\/p>\n<p>\u201cDerisa t\u00eb tjer\u00ebt fyhen, shahen, rrahen e gul\u00e7ojn\u00eb, Vjosa, me urt\u00ebsi, me mendje e me ide plot, shpalosi fotografin\u00eb e Republik\u00ebs q\u00eb \u00ebnd\u00ebrrojm\u00eb. K\u00ebta jemi ne.K\u00ebshtu jan\u00eb ata.\u201d, ka th\u00ebn\u00eb kandidati p\u00ebr deputet i LDK-s\u00eb, Lumir Abdixhiku.\/Sinjali\/<\/p>\n","protected":false},"excerpt":{"rendered":"<p>An\u00ebtari i kryesis\u00eb s\u00eb Lidhjes Demokratike t\u00eb Kosov\u00ebs, Lumir Abdixhiku ka reaguar pas p\u00ebrleshjes fizike t\u00eb Haki Abazit nga Vet\u00ebvendosje dhe Dardan Molliqajt nga Partia Socialdemokrate. Ai ka p\u00ebrfituar nga ky rast p\u00ebr t\u00eb vler\u00ebsuar se LDK \u00ebsht\u00eb model tjet\u00ebr prej subjekteve t\u00eb tjera politike. \u201cDerisa t\u00eb tjer\u00ebt fyhen, shahen, rrahen e gul\u00e7ojn\u00eb, Vjosa, me [&hellip;]<\/p>\n","protected":false},"author":1,"featured_media":42915,"comment_status":"closed","ping_status":"closed","sticky":false,"template":"","format":"standard","meta":{"footnotes":""},"categories":[5],"tags":[],"class_list":{"0":"post-42952","1":"post","2":"type-post","3":"status-publish","4":"format-standard","5":"has-post-thumbnail","7":"category-lajme"},"_links":{"self":[{"href":"https:\/\/radiostargjilan.com\/web\/wp-json\/wp\/v2\/posts\/42952","targetHints":{"allow":["GET"]}}],"collection":[{"href":"https:\/\/radiostargjilan.com\/web\/wp-json\/wp\/v2\/posts"}],"about":[{"href":"https:\/\/radiostargjilan.com\/web\/wp-json\/wp\/v2\/types\/post"}],"author":[{"embeddable":true,"href":"https:\/\/radiostargjilan.com\/web\/wp-json\/wp\/v2\/users\/1"}],"replies":[{"embeddable":true,"href":"https:\/\/radiostargjilan.com\/web\/wp-json\/wp\/v2\/comments?post=42952"}],"version-history":[{"count":0,"href":"https:\/\/radiostargjilan.com\/web\/wp-json\/wp\/v2\/posts\/42952\/revisions"}],"wp:featuredmedia":[{"embeddable":true,"href":"https:\/\/radiostargjilan.com\/web\/wp-json\/wp\/v2\/media\/42915"}],"wp:attachment":[{"href":"https:\/\/radiostargjilan.com\/web\/wp-json\/wp\/v2\/media?parent=42952"}],"wp:term":[{"taxonomy":"category","embeddable":true,"href":"https:\/\/radiostargjilan.com\/web\/wp-json\/wp\/v2\/categories?post=42952"},{"taxonomy":"post_tag","embeddable":true,"href":"https:\/\/radiostargjilan.com\/web\/wp-json\/wp\/v2\/tags?post=42952"}],"curies":[{"name":"wp","href":"https:\/\/api.w.org\/{rel}","templated":true}]}}