{"id":42994,"date":"2019-09-12T12:58:12","date_gmt":"2019-09-12T12:58:12","guid":{"rendered":"http:\/\/radiostargjilan.com\/web\/?p=42994"},"modified":"2019-09-12T12:58:12","modified_gmt":"2019-09-12T12:58:12","slug":"ylli-i-kosoves-ne-11-shen-me-te-mire-te-kualifikimeve","status":"publish","type":"post","link":"https:\/\/radiostargjilan.com\/web\/ylli-i-kosoves-ne-11-shen-me-te-mire-te-kualifikimeve\/","title":{"rendered":"Ylli i Kosov\u00ebs n\u00eb 11-shen m\u00eb t\u00eb mir\u00eb t\u00eb kualifikimeve"},"content":{"rendered":"<p>Mesfushori i Kosov\u00ebs, Valon Berisha, \u00ebsht\u00eb zgjedhur n\u00eb mesin e 11 m\u00eb t\u00eb mir\u00ebve t\u00eb k\u00ebsaj jave n\u00eb kualifikimet e Evropianit.<\/p>\n<p>Ylli i Lazios sh\u00ebnoi dy prej 3 golave t\u00eb Kosov\u00ebs n\u00eb humbje 5:3 nga Anglia n\u00eb Southampton<\/p>\n<p>P\u00ebr k\u00ebt\u00eb paraqitje t\u00eb tij, 26-vje\u00e7ari \u00ebsht\u00eb vler\u00ebsuar nga faqja e statistikave \u2018Onefootball\u2019, q\u00eb e ka futur at\u00eb n\u00eb formacionin m\u00eb t\u00eb mir\u00eb.<\/p>\n<p>Aty b\u00ebn pjes\u00eb edhe Jadon Sancho i Anglis\u00eb, q\u00eb po ashtu i sh\u00ebnoi dy gola.<\/p>\n<p><img loading=\"lazy\" loading=\"lazy\" decoding=\"async\" src=\"http:\/\/radiostargjilan.com\/web\/wp-content\/uploads\/2019\/09\/4502A709-83F8-4B28-A8A5-5F1BBC324EF3.jpeg\" alt=\"\" width=\"672\" height=\"680\" class=\"aligncenter size-full wp-image-42995\" srcset=\"https:\/\/radiostargjilan.com\/web\/wp-content\/uploads\/2019\/09\/4502A709-83F8-4B28-A8A5-5F1BBC324EF3.jpeg 672w, https:\/\/radiostargjilan.com\/web\/wp-content\/uploads\/2019\/09\/4502A709-83F8-4B28-A8A5-5F1BBC324EF3-100x100.jpeg 100w, https:\/\/radiostargjilan.com\/web\/wp-content\/uploads\/2019\/09\/4502A709-83F8-4B28-A8A5-5F1BBC324EF3-600x607.jpeg 600w, https:\/\/radiostargjilan.com\/web\/wp-content\/uploads\/2019\/09\/4502A709-83F8-4B28-A8A5-5F1BBC324EF3-296x300.jpeg 296w, https:\/\/radiostargjilan.com\/web\/wp-content\/uploads\/2019\/09\/4502A709-83F8-4B28-A8A5-5F1BBC324EF3-75x75.jpeg 75w\" sizes=\"auto, (max-width: 672px) 100vw, 672px\" \/><\/p>\n","protected":false},"excerpt":{"rendered":"<p>Mesfushori i Kosov\u00ebs, Valon Berisha, \u00ebsht\u00eb zgjedhur n\u00eb mesin e 11 m\u00eb t\u00eb mir\u00ebve t\u00eb k\u00ebsaj jave n\u00eb kualifikimet e Evropianit. Ylli i Lazios sh\u00ebnoi dy prej 3 golave t\u00eb Kosov\u00ebs n\u00eb humbje 5:3 nga Anglia n\u00eb Southampton P\u00ebr k\u00ebt\u00eb paraqitje t\u00eb tij, 26-vje\u00e7ari \u00ebsht\u00eb vler\u00ebsuar nga faqja e statistikave \u2018Onefootball\u2019, q\u00eb e ka futur [&hellip;]<\/p>\n","protected":false},"author":1,"featured_media":42936,"comment_status":"closed","ping_status":"closed","sticky":false,"template":"","format":"standard","meta":{"footnotes":""},"categories":[5],"tags":[],"class_list":{"0":"post-42994","1":"post","2":"type-post","3":"status-publish","4":"format-standard","5":"has-post-thumbnail","7":"category-lajme"},"_links":{"self":[{"href":"https:\/\/radiostargjilan.com\/web\/wp-json\/wp\/v2\/posts\/42994","targetHints":{"allow":["GET"]}}],"collection":[{"href":"https:\/\/radiostargjilan.com\/web\/wp-json\/wp\/v2\/posts"}],"about":[{"href":"https:\/\/radiostargjilan.com\/web\/wp-json\/wp\/v2\/types\/post"}],"author":[{"embeddable":true,"href":"https:\/\/radiostargjilan.com\/web\/wp-json\/wp\/v2\/users\/1"}],"replies":[{"embeddable":true,"href":"https:\/\/radiostargjilan.com\/web\/wp-json\/wp\/v2\/comments?post=42994"}],"version-history":[{"count":0,"href":"https:\/\/radiostargjilan.com\/web\/wp-json\/wp\/v2\/posts\/42994\/revisions"}],"wp:featuredmedia":[{"embeddable":true,"href":"https:\/\/radiostargjilan.com\/web\/wp-json\/wp\/v2\/media\/42936"}],"wp:attachment":[{"href":"https:\/\/radiostargjilan.com\/web\/wp-json\/wp\/v2\/media?parent=42994"}],"wp:term":[{"taxonomy":"category","embeddable":true,"href":"https:\/\/radiostargjilan.com\/web\/wp-json\/wp\/v2\/categories?post=42994"},{"taxonomy":"post_tag","embeddable":true,"href":"https:\/\/radiostargjilan.com\/web\/wp-json\/wp\/v2\/tags?post=42994"}],"curies":[{"name":"wp","href":"https:\/\/api.w.org\/{rel}","templated":true}]}}