{"id":43574,"date":"2019-09-19T09:43:29","date_gmt":"2019-09-19T09:43:29","guid":{"rendered":"http:\/\/radiostargjilan.com\/web\/?p=43574"},"modified":"2019-09-19T09:43:29","modified_gmt":"2019-09-19T09:43:29","slug":"faqja-zyrtare-e-sc-gjilanit-i-kunderpergjigjet-ne-menyre-epike-asaj-te-fc-ballkanit","status":"publish","type":"post","link":"https:\/\/radiostargjilan.com\/web\/faqja-zyrtare-e-sc-gjilanit-i-kunderpergjigjet-ne-menyre-epike-asaj-te-fc-ballkanit\/","title":{"rendered":"Faqja zyrtare e SC Gjilanit i kund\u00ebrp\u00ebrgjigjet n\u00eb m\u00ebnyr\u00eb epike asaj t\u00eb FC Ballkanit"},"content":{"rendered":"<p>Gjilani e ka mundur Ballkanin me rezultat minimal 1-0.<\/p>\n<p>Ishte nj\u00eb ndeshje shum\u00eb e mir\u00eb ashtu si\u00e7 pritej dhe n\u00eb fund ka vlejtur goli i Gerhard Prognit p\u00ebr triumfin e bardhekuqve, shkruan Gazeta Sheshi.<\/p>\n<p>Por dit\u00eb m\u00eb par\u00eb faqja zyrtare e Ballkanit i kishte pyetur tifoz\u00ebt e saj se cili nga lojtar\u00ebt do ta sh\u00ebnonte golin e par\u00eb ndaj Gjilanit.<\/p>\n<p>Kjo duket se nuk iu ka p\u00eblqyer gjilanasve q\u00eb tani pas fitores i jan\u00eb kund\u00ebrp\u00ebrgjigjur n\u00eb m\u00ebnyr\u00eb epike Ballkanit.<\/p>\n<p><img loading=\"lazy\" loading=\"lazy\" decoding=\"async\" src=\"http:\/\/radiostargjilan.com\/web\/wp-content\/uploads\/2019\/09\/878C103C-5372-497E-947D-16E1C1414EB1.png\" alt=\"\" width=\"501\" height=\"443\" class=\"aligncenter size-full wp-image-43575\" srcset=\"https:\/\/radiostargjilan.com\/web\/wp-content\/uploads\/2019\/09\/878C103C-5372-497E-947D-16E1C1414EB1.png 501w, https:\/\/radiostargjilan.com\/web\/wp-content\/uploads\/2019\/09\/878C103C-5372-497E-947D-16E1C1414EB1-300x265.png 300w\" sizes=\"auto, (max-width: 501px) 100vw, 501px\" \/><\/p>\n<p>\u201cDhe\u2026 golin e par\u00eb e sh\u00ebnon Gerhard Progni, t\u00eb tjer\u00ebt i ruajm\u00eb p\u00ebr ndeshjet e radh\u00ebs\u201d, ka shkruar faqja zyrtare e Gjilanit.<\/p>\n<p>Mbetet t\u00eb shihet n\u00ebse therandasit do t\u00eb reagojn\u00eb pas k\u00ebsaj, apo do t\u00eb heshtin pasi fituesi gjithmon\u00eb ka t\u00eb drejt\u00eb.<\/p>\n","protected":false},"excerpt":{"rendered":"<p>Gjilani e ka mundur Ballkanin me rezultat minimal 1-0. Ishte nj\u00eb ndeshje shum\u00eb e mir\u00eb ashtu si\u00e7 pritej dhe n\u00eb fund ka vlejtur goli i Gerhard Prognit p\u00ebr triumfin e bardhekuqve, shkruan Gazeta Sheshi. Por dit\u00eb m\u00eb par\u00eb faqja zyrtare e Ballkanit i kishte pyetur tifoz\u00ebt e saj se cili nga lojtar\u00ebt do ta sh\u00ebnonte [&hellip;]<\/p>\n","protected":false},"author":1,"featured_media":43576,"comment_status":"closed","ping_status":"closed","sticky":false,"template":"","format":"standard","meta":{"footnotes":""},"categories":[5],"tags":[],"class_list":{"0":"post-43574","1":"post","2":"type-post","3":"status-publish","4":"format-standard","5":"has-post-thumbnail","7":"category-lajme"},"_links":{"self":[{"href":"https:\/\/radiostargjilan.com\/web\/wp-json\/wp\/v2\/posts\/43574","targetHints":{"allow":["GET"]}}],"collection":[{"href":"https:\/\/radiostargjilan.com\/web\/wp-json\/wp\/v2\/posts"}],"about":[{"href":"https:\/\/radiostargjilan.com\/web\/wp-json\/wp\/v2\/types\/post"}],"author":[{"embeddable":true,"href":"https:\/\/radiostargjilan.com\/web\/wp-json\/wp\/v2\/users\/1"}],"replies":[{"embeddable":true,"href":"https:\/\/radiostargjilan.com\/web\/wp-json\/wp\/v2\/comments?post=43574"}],"version-history":[{"count":0,"href":"https:\/\/radiostargjilan.com\/web\/wp-json\/wp\/v2\/posts\/43574\/revisions"}],"wp:featuredmedia":[{"embeddable":true,"href":"https:\/\/radiostargjilan.com\/web\/wp-json\/wp\/v2\/media\/43576"}],"wp:attachment":[{"href":"https:\/\/radiostargjilan.com\/web\/wp-json\/wp\/v2\/media?parent=43574"}],"wp:term":[{"taxonomy":"category","embeddable":true,"href":"https:\/\/radiostargjilan.com\/web\/wp-json\/wp\/v2\/categories?post=43574"},{"taxonomy":"post_tag","embeddable":true,"href":"https:\/\/radiostargjilan.com\/web\/wp-json\/wp\/v2\/tags?post=43574"}],"curies":[{"name":"wp","href":"https:\/\/api.w.org\/{rel}","templated":true}]}}