{"id":43649,"date":"2019-09-19T20:27:25","date_gmt":"2019-09-19T20:27:25","guid":{"rendered":"http:\/\/radiostargjilan.com\/web\/?p=43649"},"modified":"2019-09-19T20:27:25","modified_gmt":"2019-09-19T20:27:25","slug":"erlehta-osmani-shembull-i-udheheqeses-te-te-rinjeve","status":"publish","type":"post","link":"https:\/\/radiostargjilan.com\/web\/erlehta-osmani-shembull-i-udheheqeses-te-te-rinjeve\/","title":{"rendered":"Erlehta Osmani, shembull i udh\u00ebheq\u00ebses t\u00eb t\u00eb rinj\u00ebve"},"content":{"rendered":"<p>Leternjoftimi i Erlehta Osmani eshte arsyeja e cila i ka shtyre nje grup shok\u00ebsh per ta mbeshtetur, lobuar e votuar Erlehten.<\/p>\n<p>Dekada e Re i takon gjenerates e cila eshte rritur bashke me Partine Demokratike te Kosoves. Erlehta Osmani eshte njera nga vajzat e Partise Demokratike e cila eshte rritur me emrin e PDK-se nen udheheqjen e Hashim Thacit, duke u bere pjese e strukturave te saj pas ardhjes ne krye te PDK-se te kryetarit Kadri Veseli.<\/p>\n<p>Si kryetare e rinise eshte shembulli me i mire i udheheqeses femer e cila bashke me te rinjt\u00eb e mbajti dhe po e mbane gjalle frymen pozitive ne rinin, duke reflektuar edhe ne strukturat tjera te PDK-se ne Gjilan.<\/p>\n<p>Qellimi yne nuk eshte per ta bere Erlehten te forte brenda grupit e brenda llojit, por per ta bere Erlehten deputete ne Parlamentin e Republikes.<\/p>\n<p>Misioni i Erlehtes dhe neve qe jemi ne mbeshtetje te saj eshte fitorja e Partise Demokratike te Kosoves me kryeminister Kadri Veselin.<\/p>\n","protected":false},"excerpt":{"rendered":"<p>Leternjoftimi i Erlehta Osmani eshte arsyeja e cila i ka shtyre nje grup shok\u00ebsh per ta mbeshtetur, lobuar e votuar Erlehten. Dekada e Re i takon gjenerates e cila eshte rritur bashke me Partine Demokratike te Kosoves. Erlehta Osmani eshte njera nga vajzat e Partise Demokratike e cila eshte rritur me emrin e PDK-se nen [&hellip;]<\/p>\n","protected":false},"author":1,"featured_media":43650,"comment_status":"closed","ping_status":"closed","sticky":false,"template":"","format":"standard","meta":{"footnotes":""},"categories":[5],"tags":[],"class_list":{"0":"post-43649","1":"post","2":"type-post","3":"status-publish","4":"format-standard","5":"has-post-thumbnail","7":"category-lajme"},"_links":{"self":[{"href":"https:\/\/radiostargjilan.com\/web\/wp-json\/wp\/v2\/posts\/43649","targetHints":{"allow":["GET"]}}],"collection":[{"href":"https:\/\/radiostargjilan.com\/web\/wp-json\/wp\/v2\/posts"}],"about":[{"href":"https:\/\/radiostargjilan.com\/web\/wp-json\/wp\/v2\/types\/post"}],"author":[{"embeddable":true,"href":"https:\/\/radiostargjilan.com\/web\/wp-json\/wp\/v2\/users\/1"}],"replies":[{"embeddable":true,"href":"https:\/\/radiostargjilan.com\/web\/wp-json\/wp\/v2\/comments?post=43649"}],"version-history":[{"count":0,"href":"https:\/\/radiostargjilan.com\/web\/wp-json\/wp\/v2\/posts\/43649\/revisions"}],"wp:featuredmedia":[{"embeddable":true,"href":"https:\/\/radiostargjilan.com\/web\/wp-json\/wp\/v2\/media\/43650"}],"wp:attachment":[{"href":"https:\/\/radiostargjilan.com\/web\/wp-json\/wp\/v2\/media?parent=43649"}],"wp:term":[{"taxonomy":"category","embeddable":true,"href":"https:\/\/radiostargjilan.com\/web\/wp-json\/wp\/v2\/categories?post=43649"},{"taxonomy":"post_tag","embeddable":true,"href":"https:\/\/radiostargjilan.com\/web\/wp-json\/wp\/v2\/tags?post=43649"}],"curies":[{"name":"wp","href":"https:\/\/api.w.org\/{rel}","templated":true}]}}