{"id":43929,"date":"2019-09-22T16:27:12","date_gmt":"2019-09-22T16:27:12","guid":{"rendered":"http:\/\/radiostargjilan.com\/web\/?p=43929"},"modified":"2019-09-22T16:27:12","modified_gmt":"2019-09-22T16:27:12","slug":"shillova-kmetoci-e-verbica-e-kmetocit-behen-nje-me-vetevendosjen","status":"publish","type":"post","link":"https:\/\/radiostargjilan.com\/web\/shillova-kmetoci-e-verbica-e-kmetocit-behen-nje-me-vetevendosjen\/","title":{"rendered":"Shillova, Kmetoci e V\u00ebrbica e Kmetocit b\u00ebhen NJ\u00cb me Vet\u00ebvendosjen"},"content":{"rendered":"<p>Shillova, Kmetoci e V\u00ebrbica e Kmetocit b\u00ebhen NJ\u00cb me Vet\u00ebvendosjen.<\/p>\n<p>Banor\u00ebt e fshatrave Shillov\u00eb, Kmetoc e V\u00ebrbic\u00eb e Kmetocit u mblodh\u00ebn bashk\u00eb, p\u00ebr t\u00eb diskutuar me kandidat\u00ebt p\u00ebr deputet\u00eb, ashtu sikur jan\u00eb b\u00ebr\u00eb bashk\u00eb n\u00eb rrug\u00ebn e ndryshimit e n\u00eb rrug\u00ebn e VET\u00cbVENDOSJE!-s.<br \/>\n<img loading=\"lazy\" loading=\"lazy\" decoding=\"async\" src=\"http:\/\/radiostargjilan.com\/web\/wp-content\/uploads\/2019\/09\/B04D07FC-63AC-4389-B6B6-A31D8F67EDD4.jpeg\" alt=\"\" width=\"1600\" height=\"1066\" class=\"aligncenter size-full wp-image-43930\" srcset=\"https:\/\/radiostargjilan.com\/web\/wp-content\/uploads\/2019\/09\/B04D07FC-63AC-4389-B6B6-A31D8F67EDD4.jpeg 1600w, https:\/\/radiostargjilan.com\/web\/wp-content\/uploads\/2019\/09\/B04D07FC-63AC-4389-B6B6-A31D8F67EDD4-600x400.jpeg 600w, https:\/\/radiostargjilan.com\/web\/wp-content\/uploads\/2019\/09\/B04D07FC-63AC-4389-B6B6-A31D8F67EDD4-300x200.jpeg 300w, https:\/\/radiostargjilan.com\/web\/wp-content\/uploads\/2019\/09\/B04D07FC-63AC-4389-B6B6-A31D8F67EDD4-768x512.jpeg 768w, https:\/\/radiostargjilan.com\/web\/wp-content\/uploads\/2019\/09\/B04D07FC-63AC-4389-B6B6-A31D8F67EDD4-1024x682.jpeg 1024w\" sizes=\"auto, (max-width: 1600px) 100vw, 1600px\" \/><br \/>\nBanor\u00ebt jan\u00eb t\u00eb bindur se hallet e brengat e tyre zgjidhen vet\u00ebm p\u00ebrmes nj\u00eb qeverisje t\u00eb mir\u00eb, t\u00eb pakorruptueshm e mentalitet zhvillimi, e shpres\u00ebn e vetme e kan\u00eb L\u00ebvizjen VET\u00cbVENDOSJE!<\/p>\n","protected":false},"excerpt":{"rendered":"<p>Shillova, Kmetoci e V\u00ebrbica e Kmetocit b\u00ebhen NJ\u00cb me Vet\u00ebvendosjen. Banor\u00ebt e fshatrave Shillov\u00eb, Kmetoc e V\u00ebrbic\u00eb e Kmetocit u mblodh\u00ebn bashk\u00eb, p\u00ebr t\u00eb diskutuar me kandidat\u00ebt p\u00ebr deputet\u00eb, ashtu sikur jan\u00eb b\u00ebr\u00eb bashk\u00eb n\u00eb rrug\u00ebn e ndryshimit e n\u00eb rrug\u00ebn e VET\u00cbVENDOSJE!-s. Banor\u00ebt jan\u00eb t\u00eb bindur se hallet e brengat e tyre zgjidhen vet\u00ebm [&hellip;]<\/p>\n","protected":false},"author":1,"featured_media":43931,"comment_status":"closed","ping_status":"closed","sticky":false,"template":"","format":"standard","meta":{"footnotes":""},"categories":[5],"tags":[],"class_list":{"0":"post-43929","1":"post","2":"type-post","3":"status-publish","4":"format-standard","5":"has-post-thumbnail","7":"category-lajme"},"_links":{"self":[{"href":"https:\/\/radiostargjilan.com\/web\/wp-json\/wp\/v2\/posts\/43929","targetHints":{"allow":["GET"]}}],"collection":[{"href":"https:\/\/radiostargjilan.com\/web\/wp-json\/wp\/v2\/posts"}],"about":[{"href":"https:\/\/radiostargjilan.com\/web\/wp-json\/wp\/v2\/types\/post"}],"author":[{"embeddable":true,"href":"https:\/\/radiostargjilan.com\/web\/wp-json\/wp\/v2\/users\/1"}],"replies":[{"embeddable":true,"href":"https:\/\/radiostargjilan.com\/web\/wp-json\/wp\/v2\/comments?post=43929"}],"version-history":[{"count":0,"href":"https:\/\/radiostargjilan.com\/web\/wp-json\/wp\/v2\/posts\/43929\/revisions"}],"wp:featuredmedia":[{"embeddable":true,"href":"https:\/\/radiostargjilan.com\/web\/wp-json\/wp\/v2\/media\/43931"}],"wp:attachment":[{"href":"https:\/\/radiostargjilan.com\/web\/wp-json\/wp\/v2\/media?parent=43929"}],"wp:term":[{"taxonomy":"category","embeddable":true,"href":"https:\/\/radiostargjilan.com\/web\/wp-json\/wp\/v2\/categories?post=43929"},{"taxonomy":"post_tag","embeddable":true,"href":"https:\/\/radiostargjilan.com\/web\/wp-json\/wp\/v2\/tags?post=43929"}],"curies":[{"name":"wp","href":"https:\/\/api.w.org\/{rel}","templated":true}]}}