{"id":43945,"date":"2019-09-22T18:08:01","date_gmt":"2019-09-22T18:08:01","guid":{"rendered":"http:\/\/radiostargjilan.com\/web\/?p=43945"},"modified":"2019-09-22T18:08:01","modified_gmt":"2019-09-22T18:08:01","slug":"aak-psd-nga-tubimi-me-gjilan-e-kuptuam-si-do-te-jete-rezultati-i-6-tetorit","status":"publish","type":"post","link":"https:\/\/radiostargjilan.com\/web\/aak-psd-nga-tubimi-me-gjilan-e-kuptuam-si-do-te-jete-rezultati-i-6-tetorit\/","title":{"rendered":"AAK-PSD: Nga tubimi m\u00eb Gjilan, e kuptuam si do t\u00eb jet\u00eb rezultati i 6 tetorit"},"content":{"rendered":"<p>Gjilani \u00ebsht\u00eb p\u00ebrcaktues i fituesit t\u00eb zgjedhjeve nacionale, jo ve\u00e7 nj\u00ebher\u00eb, por gjithnj\u00eb ka ndodh k\u00ebshtu. Sot, Gjilani i konfirmoj\u00eb kryeministrit Haradinaj dhe koalicionit AAK-PSD, fitoren n\u00eb zgjedhjet e 6 tetorit t\u00eb k\u00ebtij viti.<\/p>\n<p>Anamorava nuk do t\u00eb lejoj\u00eb q\u00eb Kosova t\u00eb mbetet n\u00eb dor\u00ebn e atyre q\u00eb t\u00eb ardhm\u00ebn ton\u00eb e nxjerrin n\u00eb tavolina negociatash, ashtu si\u00e7 edhe e kishin filluar. Gjilani sot d\u00ebshmoi se \u00ebsht\u00eb rreshtuar p\u00ebrkrah konceptit p\u00ebr 100% shtet, p\u00ebr barazi, p\u00ebr mir\u00ebqenie, dhe p\u00ebr zhvillim ekonomik e arsim cil\u00ebsor. K\u00ebt\u00eb e siguron koalicioni AAK-PSD, nd\u00ebrsa garanc\u00eb p\u00ebr k\u00ebt\u00eb \u00ebsht\u00eb lideri q\u00eb mban\u00eb fjal\u00eb e nuk l\u00ebkundet n\u00eb q\u00ebndrime, Ramush Haradinaj.<br \/>\nKandidat\u00ebt p\u00ebr deputet\u00eb nga Gjilani; Rexhep Kadriu, Ahmet Isufi, Magbule Shkodra, Bajram Hasani, dhe Besa Baftiu, do t\u00eb jen\u00eb z\u00ebri yn\u00eb n\u00eb institucionet e reja t\u00eb Republik\u00ebs s\u00eb Kosov\u00ebs, jan\u00eb njer\u00ebzit n\u00eb t\u00eb cil\u00ebt Gjilani beson, dhe jan\u00eb garantuesit e zhvillimit dhe p\u00ebrparimit t\u00eb qytetit ton\u00eb.<\/p>\n<p>Ajo q\u00eb ka b\u00ebr\u00eb qeveria Haradinaj p\u00ebr Gjilanin p\u00ebrgjat\u00eb dy viteve, \u00ebsht\u00eb shumfishi I asaj \u00e7ka t\u00eb tjer\u00ebt kan\u00eb b\u00ebr\u00eb p\u00ebr dy degada thuajse. Nuk ekziston projekt nga Gjilani t\u00eb cilit I ka th\u00ebn\u00eb jo kryeministri Haradinaj. \u00cbsht\u00eb hera e par\u00eb q\u00eb Gjilani \u00ebsht\u00eb 100% n\u00eb v\u00ebmendjen e pushtetit q\u00ebndror. Gjilani ka ndryshua, dhe kjo p\u00ebrjetohet \u00e7do dit\u00eb, sepse investimet q\u00eb jan\u00eb b\u00ebr\u00eb n\u00eb Gjilan, kan\u00eb zgjidh\u00eb shum\u00eb problem t\u00eb grumbulluara me vite t\u00eb t\u00ebra.<\/p>\n","protected":false},"excerpt":{"rendered":"<p>Gjilani \u00ebsht\u00eb p\u00ebrcaktues i fituesit t\u00eb zgjedhjeve nacionale, jo ve\u00e7 nj\u00ebher\u00eb, por gjithnj\u00eb ka ndodh k\u00ebshtu. Sot, Gjilani i konfirmoj\u00eb kryeministrit Haradinaj dhe koalicionit AAK-PSD, fitoren n\u00eb zgjedhjet e 6 tetorit t\u00eb k\u00ebtij viti. Anamorava nuk do t\u00eb lejoj\u00eb q\u00eb Kosova t\u00eb mbetet n\u00eb dor\u00ebn e atyre q\u00eb t\u00eb ardhm\u00ebn ton\u00eb e nxjerrin n\u00eb tavolina [&hellip;]<\/p>\n","protected":false},"author":1,"featured_media":43946,"comment_status":"closed","ping_status":"closed","sticky":false,"template":"","format":"standard","meta":{"footnotes":""},"categories":[5],"tags":[],"class_list":{"0":"post-43945","1":"post","2":"type-post","3":"status-publish","4":"format-standard","5":"has-post-thumbnail","7":"category-lajme"},"_links":{"self":[{"href":"https:\/\/radiostargjilan.com\/web\/wp-json\/wp\/v2\/posts\/43945","targetHints":{"allow":["GET"]}}],"collection":[{"href":"https:\/\/radiostargjilan.com\/web\/wp-json\/wp\/v2\/posts"}],"about":[{"href":"https:\/\/radiostargjilan.com\/web\/wp-json\/wp\/v2\/types\/post"}],"author":[{"embeddable":true,"href":"https:\/\/radiostargjilan.com\/web\/wp-json\/wp\/v2\/users\/1"}],"replies":[{"embeddable":true,"href":"https:\/\/radiostargjilan.com\/web\/wp-json\/wp\/v2\/comments?post=43945"}],"version-history":[{"count":0,"href":"https:\/\/radiostargjilan.com\/web\/wp-json\/wp\/v2\/posts\/43945\/revisions"}],"wp:featuredmedia":[{"embeddable":true,"href":"https:\/\/radiostargjilan.com\/web\/wp-json\/wp\/v2\/media\/43946"}],"wp:attachment":[{"href":"https:\/\/radiostargjilan.com\/web\/wp-json\/wp\/v2\/media?parent=43945"}],"wp:term":[{"taxonomy":"category","embeddable":true,"href":"https:\/\/radiostargjilan.com\/web\/wp-json\/wp\/v2\/categories?post=43945"},{"taxonomy":"post_tag","embeddable":true,"href":"https:\/\/radiostargjilan.com\/web\/wp-json\/wp\/v2\/tags?post=43945"}],"curies":[{"name":"wp","href":"https:\/\/api.w.org\/{rel}","templated":true}]}}