{"id":44032,"date":"2019-09-23T08:29:27","date_gmt":"2019-09-23T08:29:27","guid":{"rendered":"http:\/\/radiostargjilan.com\/web\/?p=44032"},"modified":"2019-09-23T08:29:27","modified_gmt":"2019-09-23T08:29:27","slug":"pse-gjilani-duhet-ta-mbaje-koke-larte-edhe-pas-humbjes-me-prishtinen","status":"publish","type":"post","link":"https:\/\/radiostargjilan.com\/web\/pse-gjilani-duhet-ta-mbaje-koke-larte-edhe-pas-humbjes-me-prishtinen\/","title":{"rendered":"Pse Gjilani duhet ta mbaj\u00eb kok\u00eb lart\u00eb edhe pas humbjes me Prishtin\u00ebn"},"content":{"rendered":"<p>Gjilani zhvilloi nj\u00eb nga ndeshjet m\u00eb t\u00eb mira k\u00ebt\u00eb edicion n\u00eb p\u00ebrballje ndaj Prishtin\u00ebs.<\/p>\n<p>Nj\u00eb skuad\u00ebr q\u00eb luan mir\u00eb n\u00eb \u00e7do sektor, lufton n\u00eb \u00e7do duel, e qarkullon shum\u00eb shpejt\u00eb topin dhe krijon raste t\u00eb shumta, shkruan Gazeta Sheshi.<\/p>\n<p>Ky ishte Gjilani, q\u00eb n\u00eb fund gaboi nj\u00eb her\u00eb m\u00eb shum\u00eb se Prishtina dhe u mposht 2-1, fal edhe dy pritjeve spektakolare t\u00eb Visar Bekajt.<\/p>\n<p><img loading=\"lazy\" loading=\"lazy\" decoding=\"async\" src=\"http:\/\/radiostargjilan.com\/web\/wp-content\/uploads\/2019\/09\/F96B71B0-C3FB-45DD-AD88-C78979EB6FB4.jpeg\" alt=\"\" width=\"960\" height=\"638\" class=\"aligncenter size-full wp-image-44034\" srcset=\"https:\/\/radiostargjilan.com\/web\/wp-content\/uploads\/2019\/09\/F96B71B0-C3FB-45DD-AD88-C78979EB6FB4.jpeg 960w, https:\/\/radiostargjilan.com\/web\/wp-content\/uploads\/2019\/09\/F96B71B0-C3FB-45DD-AD88-C78979EB6FB4-600x399.jpeg 600w, https:\/\/radiostargjilan.com\/web\/wp-content\/uploads\/2019\/09\/F96B71B0-C3FB-45DD-AD88-C78979EB6FB4-300x199.jpeg 300w, https:\/\/radiostargjilan.com\/web\/wp-content\/uploads\/2019\/09\/F96B71B0-C3FB-45DD-AD88-C78979EB6FB4-768x510.jpeg 768w\" sizes=\"auto, (max-width: 960px) 100vw, 960px\" \/><\/p>\n<p>Por loja e treguar n\u00eb \u2018Fadil Vokrri\u2019, e konfirmon se Gjilani \u00ebsht\u00eb i fort\u00eb dhe do t\u00eb luftoj\u00eb p\u00ebr titull.<\/p>\n<p>Trajneri Genitan Mezani ka arritur q\u00eb idet\u00eb e tij t\u2019i shkrij\u00eb n\u00eb kokat e lojtar\u00ebve t\u00eb Gjilani.<\/p>\n<p><img loading=\"lazy\" loading=\"lazy\" decoding=\"async\" src=\"http:\/\/radiostargjilan.com\/web\/wp-content\/uploads\/2019\/09\/F6032120-81DB-4460-B79D-7DAF70ADB5A6.jpeg\" alt=\"\" width=\"960\" height=\"638\" class=\"aligncenter size-full wp-image-44033\" srcset=\"https:\/\/radiostargjilan.com\/web\/wp-content\/uploads\/2019\/09\/F6032120-81DB-4460-B79D-7DAF70ADB5A6.jpeg 960w, https:\/\/radiostargjilan.com\/web\/wp-content\/uploads\/2019\/09\/F6032120-81DB-4460-B79D-7DAF70ADB5A6-600x399.jpeg 600w, https:\/\/radiostargjilan.com\/web\/wp-content\/uploads\/2019\/09\/F6032120-81DB-4460-B79D-7DAF70ADB5A6-300x199.jpeg 300w, https:\/\/radiostargjilan.com\/web\/wp-content\/uploads\/2019\/09\/F6032120-81DB-4460-B79D-7DAF70ADB5A6-768x510.jpeg 768w\" sizes=\"auto, (max-width: 960px) 100vw, 960px\" \/><\/p>\n<p>Tashm\u00eb Gjilanin e pret ndeshja me Drit\u00ebn, apo derbi i qytetit, ku motivimi nuk ka nevoj\u00eb t\u00eb p\u00ebrmendet, pasi ndeshjet e tilla i motivojn\u00eb lojtar\u00ebt automatikisht. \/Gazeta Sheshi\/<\/p>\n","protected":false},"excerpt":{"rendered":"<p>Gjilani zhvilloi nj\u00eb nga ndeshjet m\u00eb t\u00eb mira k\u00ebt\u00eb edicion n\u00eb p\u00ebrballje ndaj Prishtin\u00ebs. Nj\u00eb skuad\u00ebr q\u00eb luan mir\u00eb n\u00eb \u00e7do sektor, lufton n\u00eb \u00e7do duel, e qarkullon shum\u00eb shpejt\u00eb topin dhe krijon raste t\u00eb shumta, shkruan Gazeta Sheshi. Ky ishte Gjilani, q\u00eb n\u00eb fund gaboi nj\u00eb her\u00eb m\u00eb shum\u00eb se Prishtina dhe u mposht [&hellip;]<\/p>\n","protected":false},"author":1,"featured_media":44035,"comment_status":"closed","ping_status":"closed","sticky":false,"template":"","format":"standard","meta":{"footnotes":""},"categories":[5],"tags":[],"class_list":{"0":"post-44032","1":"post","2":"type-post","3":"status-publish","4":"format-standard","5":"has-post-thumbnail","7":"category-lajme"},"_links":{"self":[{"href":"https:\/\/radiostargjilan.com\/web\/wp-json\/wp\/v2\/posts\/44032","targetHints":{"allow":["GET"]}}],"collection":[{"href":"https:\/\/radiostargjilan.com\/web\/wp-json\/wp\/v2\/posts"}],"about":[{"href":"https:\/\/radiostargjilan.com\/web\/wp-json\/wp\/v2\/types\/post"}],"author":[{"embeddable":true,"href":"https:\/\/radiostargjilan.com\/web\/wp-json\/wp\/v2\/users\/1"}],"replies":[{"embeddable":true,"href":"https:\/\/radiostargjilan.com\/web\/wp-json\/wp\/v2\/comments?post=44032"}],"version-history":[{"count":0,"href":"https:\/\/radiostargjilan.com\/web\/wp-json\/wp\/v2\/posts\/44032\/revisions"}],"wp:featuredmedia":[{"embeddable":true,"href":"https:\/\/radiostargjilan.com\/web\/wp-json\/wp\/v2\/media\/44035"}],"wp:attachment":[{"href":"https:\/\/radiostargjilan.com\/web\/wp-json\/wp\/v2\/media?parent=44032"}],"wp:term":[{"taxonomy":"category","embeddable":true,"href":"https:\/\/radiostargjilan.com\/web\/wp-json\/wp\/v2\/categories?post=44032"},{"taxonomy":"post_tag","embeddable":true,"href":"https:\/\/radiostargjilan.com\/web\/wp-json\/wp\/v2\/tags?post=44032"}],"curies":[{"name":"wp","href":"https:\/\/api.w.org\/{rel}","templated":true}]}}