{"id":44217,"date":"2019-09-24T18:46:52","date_gmt":"2019-09-24T18:46:52","guid":{"rendered":"http:\/\/radiostargjilan.com\/web\/?p=44217"},"modified":"2019-09-24T18:46:52","modified_gmt":"2019-09-24T18:46:52","slug":"kandidatet-per-deputet-z-isa-agushi-dhe-z-izmi-zeka-kane-takuar-veteranet-e-uck-se","status":"publish","type":"post","link":"https:\/\/radiostargjilan.com\/web\/kandidatet-per-deputet-z-isa-agushi-dhe-z-izmi-zeka-kane-takuar-veteranet-e-uck-se\/","title":{"rendered":"Kandidat\u00ebt p\u00ebr deputet z. Isa Agushi dhe z. Izmi Zeka kan\u00eb takuar veteran\u00ebt e U\u00c7K-s\u00eb"},"content":{"rendered":"<p>Kandidat\u00ebt p\u00ebr deputet z. Isa Agushi dhe z. Izmi Zeka kan\u00eb takuar veteran\u00ebt e U\u00c7K-s\u00eb.<\/p>\n<p>Kandidat\u00ebt p\u00ebr deputet Isa Agushi dhe Izmi Zeka, kan\u00eb takuar veteran\u00ebt e Ushtris\u00eb \u00c7lirimtare t\u00eb \u00a0Kosov\u00ebs.<\/p>\n<p>U\u00c7K p\u00ebrjet\u00ebsisht do t\u00eb mbetet formacioni m\u00eb i r\u00ebnd\u00ebsish\u00ebm ushtarak dhe politik n\u00eb t\u00eb gjith\u00eb kombin shqiptar!<\/p>\n<p>Fal\u00ebnderues p\u00ebr jet\u00eb luft\u00ebtar\u00ebve t\u00eb liris\u00eb.<\/p>\n","protected":false},"excerpt":{"rendered":"<p>Kandidat\u00ebt p\u00ebr deputet z. Isa Agushi dhe z. Izmi Zeka kan\u00eb takuar veteran\u00ebt e U\u00c7K-s\u00eb. Kandidat\u00ebt p\u00ebr deputet Isa Agushi dhe Izmi Zeka, kan\u00eb takuar veteran\u00ebt e Ushtris\u00eb \u00c7lirimtare t\u00eb \u00a0Kosov\u00ebs. U\u00c7K p\u00ebrjet\u00ebsisht do t\u00eb mbetet formacioni m\u00eb i r\u00ebnd\u00ebsish\u00ebm ushtarak dhe politik n\u00eb t\u00eb gjith\u00eb kombin shqiptar! Fal\u00ebnderues p\u00ebr jet\u00eb luft\u00ebtar\u00ebve t\u00eb liris\u00eb.<\/p>\n","protected":false},"author":1,"featured_media":44218,"comment_status":"closed","ping_status":"closed","sticky":false,"template":"","format":"standard","meta":{"footnotes":""},"categories":[5],"tags":[],"class_list":{"0":"post-44217","1":"post","2":"type-post","3":"status-publish","4":"format-standard","5":"has-post-thumbnail","7":"category-lajme"},"_links":{"self":[{"href":"https:\/\/radiostargjilan.com\/web\/wp-json\/wp\/v2\/posts\/44217","targetHints":{"allow":["GET"]}}],"collection":[{"href":"https:\/\/radiostargjilan.com\/web\/wp-json\/wp\/v2\/posts"}],"about":[{"href":"https:\/\/radiostargjilan.com\/web\/wp-json\/wp\/v2\/types\/post"}],"author":[{"embeddable":true,"href":"https:\/\/radiostargjilan.com\/web\/wp-json\/wp\/v2\/users\/1"}],"replies":[{"embeddable":true,"href":"https:\/\/radiostargjilan.com\/web\/wp-json\/wp\/v2\/comments?post=44217"}],"version-history":[{"count":0,"href":"https:\/\/radiostargjilan.com\/web\/wp-json\/wp\/v2\/posts\/44217\/revisions"}],"wp:featuredmedia":[{"embeddable":true,"href":"https:\/\/radiostargjilan.com\/web\/wp-json\/wp\/v2\/media\/44218"}],"wp:attachment":[{"href":"https:\/\/radiostargjilan.com\/web\/wp-json\/wp\/v2\/media?parent=44217"}],"wp:term":[{"taxonomy":"category","embeddable":true,"href":"https:\/\/radiostargjilan.com\/web\/wp-json\/wp\/v2\/categories?post=44217"},{"taxonomy":"post_tag","embeddable":true,"href":"https:\/\/radiostargjilan.com\/web\/wp-json\/wp\/v2\/tags?post=44217"}],"curies":[{"name":"wp","href":"https:\/\/api.w.org\/{rel}","templated":true}]}}