{"id":44275,"date":"2019-09-25T10:38:27","date_gmt":"2019-09-25T10:38:27","guid":{"rendered":"http:\/\/radiostargjilan.com\/web\/?p=44275"},"modified":"2019-09-25T10:38:27","modified_gmt":"2019-09-25T10:38:27","slug":"grate-po-vazhdojne-mobilizimin-per-kryengritjen-e-madhe-te-6-tetorit","status":"publish","type":"post","link":"https:\/\/radiostargjilan.com\/web\/grate-po-vazhdojne-mobilizimin-per-kryengritjen-e-madhe-te-6-tetorit\/","title":{"rendered":"Grat\u00eb po vazhdojn\u00eb mobilizimin p\u00ebr kryengritjen e madhe t\u00eb 6 tetorit"},"content":{"rendered":"<p>Grat\u00eb po vazhdojn\u00eb mobilizimin p\u00ebr kryengritjen e madhe t\u00eb 6 tetorit. <\/p>\n<p>Familjare, kolege e p\u00ebrkrah\u00ebse t\u00eb kandidatur\u00ebs s\u00eb Arijeta Rexhepit p\u00ebr deputete t\u00eb Parlamentit dhe kandidateve tjera, u mblodh\u00ebn bashk\u00eb p\u00ebr t\u00eb treguar mb\u00ebshtetjen e fuqishme p\u00ebr platform\u00ebn qeveris\u00ebse t\u00eb L\u00ebvizjes VET\u00cbVENDOSJE!<\/p>\n<p>Mobilizimi i grave \u00ebsht\u00eb m\u00eb i madh se asnj\u00ebher\u00eb m\u00eb par\u00eb p\u00ebr ndryshim, e k\u00ebt\u00eb ndryshim besojn\u00eb se do ta realizojn\u00eb me vot\u00ebn q\u00eb do t&#8217;i japin kandidat\u00ebve t\u00eb L\u00ebvizjes dhe kryeministrit Albin Kurti.<\/p>\n<p>#erdhiDita #qeveriaKurti<\/p>\n","protected":false},"excerpt":{"rendered":"<p>Grat\u00eb po vazhdojn\u00eb mobilizimin p\u00ebr kryengritjen e madhe t\u00eb 6 tetorit. Familjare, kolege e p\u00ebrkrah\u00ebse t\u00eb kandidatur\u00ebs s\u00eb Arijeta Rexhepit p\u00ebr deputete t\u00eb Parlamentit dhe kandidateve tjera, u mblodh\u00ebn bashk\u00eb p\u00ebr t\u00eb treguar mb\u00ebshtetjen e fuqishme p\u00ebr platform\u00ebn qeveris\u00ebse t\u00eb L\u00ebvizjes VET\u00cbVENDOSJE! Mobilizimi i grave \u00ebsht\u00eb m\u00eb i madh se asnj\u00ebher\u00eb m\u00eb par\u00eb p\u00ebr ndryshim, [&hellip;]<\/p>\n","protected":false},"author":1,"featured_media":44276,"comment_status":"closed","ping_status":"closed","sticky":false,"template":"","format":"standard","meta":{"footnotes":""},"categories":[5],"tags":[],"class_list":{"0":"post-44275","1":"post","2":"type-post","3":"status-publish","4":"format-standard","5":"has-post-thumbnail","7":"category-lajme"},"_links":{"self":[{"href":"https:\/\/radiostargjilan.com\/web\/wp-json\/wp\/v2\/posts\/44275","targetHints":{"allow":["GET"]}}],"collection":[{"href":"https:\/\/radiostargjilan.com\/web\/wp-json\/wp\/v2\/posts"}],"about":[{"href":"https:\/\/radiostargjilan.com\/web\/wp-json\/wp\/v2\/types\/post"}],"author":[{"embeddable":true,"href":"https:\/\/radiostargjilan.com\/web\/wp-json\/wp\/v2\/users\/1"}],"replies":[{"embeddable":true,"href":"https:\/\/radiostargjilan.com\/web\/wp-json\/wp\/v2\/comments?post=44275"}],"version-history":[{"count":0,"href":"https:\/\/radiostargjilan.com\/web\/wp-json\/wp\/v2\/posts\/44275\/revisions"}],"wp:featuredmedia":[{"embeddable":true,"href":"https:\/\/radiostargjilan.com\/web\/wp-json\/wp\/v2\/media\/44276"}],"wp:attachment":[{"href":"https:\/\/radiostargjilan.com\/web\/wp-json\/wp\/v2\/media?parent=44275"}],"wp:term":[{"taxonomy":"category","embeddable":true,"href":"https:\/\/radiostargjilan.com\/web\/wp-json\/wp\/v2\/categories?post=44275"},{"taxonomy":"post_tag","embeddable":true,"href":"https:\/\/radiostargjilan.com\/web\/wp-json\/wp\/v2\/tags?post=44275"}],"curies":[{"name":"wp","href":"https:\/\/api.w.org\/{rel}","templated":true}]}}