{"id":44288,"date":"2019-09-25T12:54:58","date_gmt":"2019-09-25T12:54:58","guid":{"rendered":"http:\/\/radiostargjilan.com\/web\/?p=44288"},"modified":"2019-09-25T12:54:58","modified_gmt":"2019-09-25T12:54:58","slug":"gjilani-te-premten-organizon-garen-e-atletikes-per-femije","status":"publish","type":"post","link":"https:\/\/radiostargjilan.com\/web\/gjilani-te-premten-organizon-garen-e-atletikes-per-femije\/","title":{"rendered":"Gjilani t\u00eb premten organizon gar\u00ebn e atletik\u00ebs p\u00ebr f\u00ebmij\u00eb"},"content":{"rendered":"<p> Drejtoria p\u00ebr Kultur\u00eb, Rini dhe Sport e Komun\u00ebs s\u00eb Gjilanit, me mb\u00ebshtetje t\u00eb Ministris\u00eb s\u00eb Kultur\u00ebs dhe Federat\u00ebs s\u00eb Atletik\u00ebs s\u00eb Kosov\u00ebs, t\u00eb premten organzojn\u00eb gar\u00ebn e atletik\u00ebs p\u00ebr f\u00ebmij\u00eb.<\/p>\n<p>U.D. drejtoresha e DKRS, Deniza Limani, ka deklaruar se aktiviteti i llojit t\u00eb till\u00eb organizohet p\u00ebr her\u00eb t\u00eb par\u00eb n\u00eb Gjilan dhe ka p\u00ebr q\u00ebllim q\u00eb f\u00ebmij\u00ebt e klasave t\u00eb 5-ta t\u2019i arg\u00ebtoj n\u00ebp\u00ebrmjet aktivitetit fizik dhe loj\u00ebrave, nd\u00ebrkaq mbahet n\u00eb palestren \u201cBashkim Selishta \u2013 Petriti\u201d.<\/p>\n<p>N\u00eb k\u00ebt\u00eb aktivitet f\u00ebmij\u00ebt do t\u00eb ken\u00eb mund\u00ebsin\u00eb q\u00eb brenda dy or\u00ebve t\u00eb praktikojn\u00eb shum\u00eb disiplina t\u00eb p\u00ebraf\u00ebrta t\u00eb sportit t\u00eb Atletik\u00ebs n\u00eb 12 stacionet e aktivitetit.<\/p>\n<p>\u201cSecili f\u00ebmij\u00eb do t\u00eb kaloj n\u00eb stacionet e 12 loj\u00ebrave gjat\u00eb programit dhe aktiviteti nuk do t\u00eb jet\u00eb i karakterit garues q\u00ebllimi \u00ebsht\u00eb arg\u00ebtimi i f\u00ebmij\u00ebve por edhe mund\u00ebsia e f\u00ebmij\u00ebve q\u00eb t\u00eb paraqesin aft\u00ebsit\u00eb e tyre l\u00ebvizore. Programi n\u00eb vete pasqyron vlerat e aktivitetit fizik, disiplin\u00ebs, respektit, socializimit andaj mund t\u00eb themi se ka edhe karakter edukativ\u201d, ka deklaruar Limani. <\/p>\n<p>Ky program i atletik\u00ebs p\u00ebr f\u00ebmij\u00eb \u00ebsht\u00eb realizuar n\u00eb shum\u00eb kryeqytete dhe qytete e ndryshme t\u00eb bot\u00ebs dhe \u00ebsht\u00eb i njohur me emrin \u201cKids Athletics\u201d.  <\/p>\n","protected":false},"excerpt":{"rendered":"<p>Drejtoria p\u00ebr Kultur\u00eb, Rini dhe Sport e Komun\u00ebs s\u00eb Gjilanit, me mb\u00ebshtetje t\u00eb Ministris\u00eb s\u00eb Kultur\u00ebs dhe Federat\u00ebs s\u00eb Atletik\u00ebs s\u00eb Kosov\u00ebs, t\u00eb premten organzojn\u00eb gar\u00ebn e atletik\u00ebs p\u00ebr f\u00ebmij\u00eb. U.D. drejtoresha e DKRS, Deniza Limani, ka deklaruar se aktiviteti i llojit t\u00eb till\u00eb organizohet p\u00ebr her\u00eb t\u00eb par\u00eb n\u00eb Gjilan dhe ka p\u00ebr q\u00ebllim [&hellip;]<\/p>\n","protected":false},"author":1,"featured_media":44289,"comment_status":"closed","ping_status":"closed","sticky":false,"template":"","format":"standard","meta":{"footnotes":""},"categories":[5],"tags":[],"class_list":{"0":"post-44288","1":"post","2":"type-post","3":"status-publish","4":"format-standard","5":"has-post-thumbnail","7":"category-lajme"},"_links":{"self":[{"href":"https:\/\/radiostargjilan.com\/web\/wp-json\/wp\/v2\/posts\/44288","targetHints":{"allow":["GET"]}}],"collection":[{"href":"https:\/\/radiostargjilan.com\/web\/wp-json\/wp\/v2\/posts"}],"about":[{"href":"https:\/\/radiostargjilan.com\/web\/wp-json\/wp\/v2\/types\/post"}],"author":[{"embeddable":true,"href":"https:\/\/radiostargjilan.com\/web\/wp-json\/wp\/v2\/users\/1"}],"replies":[{"embeddable":true,"href":"https:\/\/radiostargjilan.com\/web\/wp-json\/wp\/v2\/comments?post=44288"}],"version-history":[{"count":0,"href":"https:\/\/radiostargjilan.com\/web\/wp-json\/wp\/v2\/posts\/44288\/revisions"}],"wp:featuredmedia":[{"embeddable":true,"href":"https:\/\/radiostargjilan.com\/web\/wp-json\/wp\/v2\/media\/44289"}],"wp:attachment":[{"href":"https:\/\/radiostargjilan.com\/web\/wp-json\/wp\/v2\/media?parent=44288"}],"wp:term":[{"taxonomy":"category","embeddable":true,"href":"https:\/\/radiostargjilan.com\/web\/wp-json\/wp\/v2\/categories?post=44288"},{"taxonomy":"post_tag","embeddable":true,"href":"https:\/\/radiostargjilan.com\/web\/wp-json\/wp\/v2\/tags?post=44288"}],"curies":[{"name":"wp","href":"https:\/\/api.w.org\/{rel}","templated":true}]}}