{"id":44391,"date":"2019-09-26T07:58:08","date_gmt":"2019-09-26T07:58:08","guid":{"rendered":"http:\/\/radiostargjilan.com\/web\/?p=44391"},"modified":"2019-09-26T07:58:08","modified_gmt":"2019-09-26T07:58:08","slug":"ldk-ja-vija-te-kuqe-me-pdk-ne-por-jo-edhe-me-aak-ne","status":"publish","type":"post","link":"https:\/\/radiostargjilan.com\/web\/ldk-ja-vija-te-kuqe-me-pdk-ne-por-jo-edhe-me-aak-ne\/","title":{"rendered":"LDK-ja vija t\u00eb kuqe me PDK-n\u00eb, por jo edhe me AAK-n\u00eb"},"content":{"rendered":"<p>Lidhja Demokratike e Kosov\u00ebs \u00ebsht\u00eb e bindur se do t\u00eb dal\u00eb e para n\u00eb zgjedhjet e 6 tetorit.<\/p>\n<p>N\u00ebnkryetari i k\u00ebsaj partie, Lutfi Haziri, i cili \u00ebsht\u00eb edhe shef i shtabit zgjedhor, ka th\u00ebn\u00eb se nuk \u00ebsht\u00eb i mundur nj\u00eb koalicion me PDK-n\u00eb, pasi q\u00eb kjo e fundit sipas tij ka rr\u00ebnuar urat e bashk\u00ebpunimit.<\/p>\n<p>Numri dy i LDK-s\u00eb, nuk e p\u00ebrjashton mund\u00ebsin\u00eb q\u00eb t\u00eb ket\u00eb koalicion edhe me partit\u00eb tjera, duk\u00eb p\u00ebrfshir\u00eb koalicionin AAK-PSD.<\/p>\n<p>\u201cKultur\u00ebn e bashk\u00ebpunimit ne do ta vendosim n\u00eb Kuvend me t\u00eb gjitha partit\u00eb, natyrisht q\u00eb PDK-ja i ka rr\u00ebnuar urat e bashk\u00ebpunimit, sepse ata e kan\u00eb larguar LDK-n\u00eb dhe rishikuar partneritetin dhe kan\u00eb vendosur partner t\u00eb tyre, por u binden t\u00eb gjith\u00eb q\u00eb problem \u00ebsht\u00eb me bashk\u00ebpunu me ta. Me partit\u00eb t\u00eb tjera natyrisht do t\u00eb koordinohemi n\u00eb nivel agjendash politike, n\u00ebse na bashkon agjenda politike, programi politik, ekonomik, social dhe \u00e7\u00ebshtje n\u00eb interes t\u00eb vendit, ne do t\u00eb bashkohemi edhe n\u00eb nivel Kuvendi edhe n\u00eb nivel ekzekutivi, pse jo\u201d, ka th\u00ebn\u00eb Haziri.<\/p>\n<p>Ndon\u00ebse nuk \u00ebsht\u00eb arritur koalicion paszgjedhor me L\u00ebvizjen Vet\u00ebvendosje, Haziri thot\u00eb se ekziston nj\u00eb der\u00eb e hapur q\u00eb k\u00ebt\u00eb ta b\u00ebjn\u00eb pas zgjedhjeve.<\/p>\n<p>\u201cNe kemi hapur nj\u00eb kaptin\u00eb bashk\u00ebpunimi p\u00ebr dy vitet e kaluara, duke i l\u00ebn\u00eb anash gj\u00ebrat q\u00eb nuk na kan\u00eb bashkuar dhe tash do t\u00eb varet krejt prej sjelljes n\u00eb zgjedhje t\u00eb L\u00ebvizjes Vet\u00ebvendosje. Ne vullnetin e kemi shprehur p\u00ebrmes deklarimit t\u00eb Isa Mustaf\u00ebs q\u00eb p\u00ebrkund\u00ebr mosarritjes s\u00eb nj\u00eb marr\u00ebveshje p\u00ebr koalicion parazgjedhor, lihet dera e hapur dhe mund\u00ebsia p\u00ebr bashk\u00ebpunim paszgjedhor. Fundja rezultati do t\u00eb zbardh\u00ebt me 6 tetor dhe secili do ta sheh vullnetin dhe renditjen e sovranit dhe sipas asaj do t\u00eb nd\u00ebrtojm\u00eb kultur\u00eb bashk\u00ebpunimi\u201d, ka th\u00ebn\u00eb Haziri p\u00ebr EO.<\/p>\n<p>Pritshm\u00ebrit\u00eb e Hazirit p\u00ebr k\u00ebto zgjedhje jan\u00eb t\u00eb m\u00ebdha. Ai thot\u00eb se me fitoren e LDK-s\u00eb fillon nj\u00eb epok\u00eb e re qeveris\u00ebse n\u00eb Kosov\u00eb, pasi q\u00eb sipas tij Kosova ka probleme t\u00eb m\u00ebdha, e sidomos n\u00eb marr\u00ebdh\u00ebnie me fqinj\u00ebt dhe nd\u00ebrkomb\u00ebtar\u00ebt.<\/p>\n","protected":false},"excerpt":{"rendered":"<p>Lidhja Demokratike e Kosov\u00ebs \u00ebsht\u00eb e bindur se do t\u00eb dal\u00eb e para n\u00eb zgjedhjet e 6 tetorit. N\u00ebnkryetari i k\u00ebsaj partie, Lutfi Haziri, i cili \u00ebsht\u00eb edhe shef i shtabit zgjedhor, ka th\u00ebn\u00eb se nuk \u00ebsht\u00eb i mundur nj\u00eb koalicion me PDK-n\u00eb, pasi q\u00eb kjo e fundit sipas tij ka rr\u00ebnuar urat e bashk\u00ebpunimit. [&hellip;]<\/p>\n","protected":false},"author":1,"featured_media":44392,"comment_status":"closed","ping_status":"closed","sticky":false,"template":"","format":"standard","meta":{"footnotes":""},"categories":[5],"tags":[],"class_list":{"0":"post-44391","1":"post","2":"type-post","3":"status-publish","4":"format-standard","5":"has-post-thumbnail","7":"category-lajme"},"_links":{"self":[{"href":"https:\/\/radiostargjilan.com\/web\/wp-json\/wp\/v2\/posts\/44391","targetHints":{"allow":["GET"]}}],"collection":[{"href":"https:\/\/radiostargjilan.com\/web\/wp-json\/wp\/v2\/posts"}],"about":[{"href":"https:\/\/radiostargjilan.com\/web\/wp-json\/wp\/v2\/types\/post"}],"author":[{"embeddable":true,"href":"https:\/\/radiostargjilan.com\/web\/wp-json\/wp\/v2\/users\/1"}],"replies":[{"embeddable":true,"href":"https:\/\/radiostargjilan.com\/web\/wp-json\/wp\/v2\/comments?post=44391"}],"version-history":[{"count":0,"href":"https:\/\/radiostargjilan.com\/web\/wp-json\/wp\/v2\/posts\/44391\/revisions"}],"wp:featuredmedia":[{"embeddable":true,"href":"https:\/\/radiostargjilan.com\/web\/wp-json\/wp\/v2\/media\/44392"}],"wp:attachment":[{"href":"https:\/\/radiostargjilan.com\/web\/wp-json\/wp\/v2\/media?parent=44391"}],"wp:term":[{"taxonomy":"category","embeddable":true,"href":"https:\/\/radiostargjilan.com\/web\/wp-json\/wp\/v2\/categories?post=44391"},{"taxonomy":"post_tag","embeddable":true,"href":"https:\/\/radiostargjilan.com\/web\/wp-json\/wp\/v2\/tags?post=44391"}],"curies":[{"name":"wp","href":"https:\/\/api.w.org\/{rel}","templated":true}]}}