{"id":44617,"date":"2019-09-28T08:22:06","date_gmt":"2019-09-28T08:22:06","guid":{"rendered":"http:\/\/radiostargjilan.com\/web\/?p=44617"},"modified":"2019-09-28T08:22:06","modified_gmt":"2019-09-28T08:22:06","slug":"sporti-ylli-me-me-shume-drite-ne-kosove","status":"publish","type":"post","link":"https:\/\/radiostargjilan.com\/web\/sporti-ylli-me-me-shume-drite-ne-kosove\/","title":{"rendered":"SPORTI \u2013 YLLI ME ME SHUME DRITE NE KOSOVE"},"content":{"rendered":"<p>N\u00ebse ndokush i ka dh\u00ebn\u00eb Kosov\u00ebs imazhin q\u00eb e meriton, at\u00ebher\u00eb at\u00eb e kan\u00eb b\u00ebr\u00eb sportiest\u00ebt tan\u00eb t\u00eb dalluar. Realisht, yll\u00ebzimi i Kosov\u00ebs n\u00eb bot\u00eb s\u2019ka si mos t\u00eb nd\u00ebrlidhet me emrin e kosovares s\u00eb pare n\u00eb histori q\u00eb mori medaljen e art\u00eb n\u00eb lojrat olimpike, Majlinda Kelmendi. E si, Majlinda, Kosova jon\u00eb ka plot\u00eb t\u00eb tjera. Atyre vet\u00ebm duhet dh\u00ebn\u00eb shanc\u00ebn; Fytyr\u00ebn do na e zbardhin patjet\u00ebr.<br \/>\nSporti nuk mund t\u00eb konisderohet vet\u00ebm tem\u00eb zgjedhjesh. Sporti \u00ebsht\u00eb m\u00ebnyr\u00eb e jetes\u00ebs p\u00ebr shum\u00ebk\u00eb. Sporti \u00ebsht\u00eb begatim i shoq\u00ebris\u00eb; \u00ebsht\u00eb kultur\u00eb dhe tradit\u00eb e nj\u00eb populli.<br \/>\nNeve na duhet t\u00eb rrisim jo vet\u00ebm p\u00ebrkrahjen buxhetore, por edhe angazhimin politik q\u00eb sporti t\u00eb b\u00ebhet pjes\u00eb e pandashme e agjend\u00ebs qeveritare. Politikat publike t\u00eb nd\u00ebrlidhura me sportin duhet t\u00eb jen\u00eb politika q\u00eb marrin primat n\u00eb adresimin e c\u00ebshtjeve t\u00eb rinis\u00eb dhe profesionist\u00ebve sportiv.<br \/>\nP\u00ebrmes Fondit Nacional t\u00eb Ekselenc\u00ebs, neve do t\u2019I japim mb\u00ebshtetjen meritore sportiest\u00ebve tan\u00eb t\u00eb dalluar, duke i stimuluar e p\u00ebrkrahur ata financiarisht q\u00eb t\u00eb arrijn\u00eb majat e suksesit jo vet\u00ebm n\u00eb vend, por edhe n\u00eb arenen nd\u00ebrkomb\u00ebtare.<br \/>\nFutbolli I Kosoves po lulezon\u2026\u2026\u2026\u2026.<br \/>\nUne besoj n\u00eb sportin e Kosov\u00ebs q\u00eb sjellin kampion\u00eb. Neve na b\u00ebjn\u00eb nder kampionet q\u00eb e zbardhin emrin e shtetit tone n\u00ebp\u00ebr bot\u00eb.<\/p>\n<p>#134LDK #44FatonBislimi #MeVjosenKryeministre<\/p>\n","protected":false},"excerpt":{"rendered":"<p>N\u00ebse ndokush i ka dh\u00ebn\u00eb Kosov\u00ebs imazhin q\u00eb e meriton, at\u00ebher\u00eb at\u00eb e kan\u00eb b\u00ebr\u00eb sportiest\u00ebt tan\u00eb t\u00eb dalluar. Realisht, yll\u00ebzimi i Kosov\u00ebs n\u00eb bot\u00eb s\u2019ka si mos t\u00eb nd\u00ebrlidhet me emrin e kosovares s\u00eb pare n\u00eb histori q\u00eb mori medaljen e art\u00eb n\u00eb lojrat olimpike, Majlinda Kelmendi. E si, Majlinda, Kosova jon\u00eb ka plot\u00eb [&hellip;]<\/p>\n","protected":false},"author":1,"featured_media":44618,"comment_status":"closed","ping_status":"closed","sticky":false,"template":"","format":"standard","meta":{"footnotes":""},"categories":[5],"tags":[],"class_list":{"0":"post-44617","1":"post","2":"type-post","3":"status-publish","4":"format-standard","5":"has-post-thumbnail","7":"category-lajme"},"_links":{"self":[{"href":"https:\/\/radiostargjilan.com\/web\/wp-json\/wp\/v2\/posts\/44617","targetHints":{"allow":["GET"]}}],"collection":[{"href":"https:\/\/radiostargjilan.com\/web\/wp-json\/wp\/v2\/posts"}],"about":[{"href":"https:\/\/radiostargjilan.com\/web\/wp-json\/wp\/v2\/types\/post"}],"author":[{"embeddable":true,"href":"https:\/\/radiostargjilan.com\/web\/wp-json\/wp\/v2\/users\/1"}],"replies":[{"embeddable":true,"href":"https:\/\/radiostargjilan.com\/web\/wp-json\/wp\/v2\/comments?post=44617"}],"version-history":[{"count":0,"href":"https:\/\/radiostargjilan.com\/web\/wp-json\/wp\/v2\/posts\/44617\/revisions"}],"wp:featuredmedia":[{"embeddable":true,"href":"https:\/\/radiostargjilan.com\/web\/wp-json\/wp\/v2\/media\/44618"}],"wp:attachment":[{"href":"https:\/\/radiostargjilan.com\/web\/wp-json\/wp\/v2\/media?parent=44617"}],"wp:term":[{"taxonomy":"category","embeddable":true,"href":"https:\/\/radiostargjilan.com\/web\/wp-json\/wp\/v2\/categories?post=44617"},{"taxonomy":"post_tag","embeddable":true,"href":"https:\/\/radiostargjilan.com\/web\/wp-json\/wp\/v2\/tags?post=44617"}],"curies":[{"name":"wp","href":"https:\/\/api.w.org\/{rel}","templated":true}]}}