{"id":44732,"date":"2019-09-29T07:20:24","date_gmt":"2019-09-29T07:20:24","guid":{"rendered":"http:\/\/radiostargjilan.com\/web\/?p=44732"},"modified":"2019-09-29T07:20:24","modified_gmt":"2019-09-29T07:20:24","slug":"haradinaj-marreveshja-arrihet-kur-serbia-ta-kuptoje-se-smund-te-fitoje-asgje-nga-kosova","status":"publish","type":"post","link":"https:\/\/radiostargjilan.com\/web\/haradinaj-marreveshja-arrihet-kur-serbia-ta-kuptoje-se-smund-te-fitoje-asgje-nga-kosova\/","title":{"rendered":"Haradinaj: Marr\u00ebveshja arrihet kur Serbia ta kuptoj\u00eb se s\u2019mund t\u00eb fitoj\u00eb asgj\u00eb nga Kosova"},"content":{"rendered":"<p>Kandidati p\u00ebr kryeminist\u00ebr i koalicionit nd\u00ebrmjet Aleanc\u00ebs p\u00ebr Ardhm\u00ebrin\u00eb e Kosov\u00ebs dhe Partis\u00eb Socialdemokrate, Ramush Haradinaj, ka th\u00ebn\u00eb se marr\u00ebveshja finale me Serbin\u00eb, do t\u00eb arrihet, kur Beogradi t\u00eb kuptoj\u00eb se nuk mund t\u00eb fitoj\u00eb asgj\u00eb nga Kosova.<\/p>\n<p>N\u00eb nj\u00eb intervist\u00eb p\u00ebr REL, Haradinaj po ashtu flet edhe p\u00ebr arsyet se pse duhet t\u00eb ket\u00eb edhe nj\u00eb mandat n\u00eb krye t\u00eb ekzekutivit.<\/p>\n<p>\u201cTaksa duhet t\u00eb q\u00ebndroj\u00eb deri n\u00eb njohje nga Serbia. Marr\u00ebdh\u00ebniet (ekzistuese) Kosov\u00eb- Serbi nuk munden t\u00eb shkojn\u00eb, duke i ushqyer k\u00ebto marr\u00ebdh\u00ebnie. K\u00ebto marr\u00ebdh\u00ebnie shkojn\u00eb duke i ndar\u00eb krejt elementet q\u00eb krijojn\u00eb paqart\u00ebsi\u201d.<\/p>\n<p>\u201cN\u00ebse Serbia e din\u00eb qart\u00eb se nuk mund t\u00eb marr\u00eb m\u00eb asgj\u00eb nga Kosova, at\u00ebher\u00eb p\u00ebr Serbin\u00eb mbetet pyetja a t\u00eb vendos\u00eb marr\u00ebdh\u00ebnie fqinj\u00ebsie t\u00eb mira me Kosov\u00ebn, pra t\u00eb ket\u00eb edhe marr\u00ebdh\u00ebnie ekonomike e t\u00eb tregtis\u00eb, apo t\u00eb vazhdoj\u00eb me m\u00ebnyr\u00ebn si ka vazhduar deri tani. Mendoj se edhe Bashkimi Evropian, po edhe Shtetet e Bashkuar t\u00eb Amerik\u00ebs duhet t\u2019i tregojn\u00eb Serbis\u00eb se nuk ka mbetur m\u00eb di\u00e7ka p\u00ebr t\u00eb marr\u00eb nga Kosova\u201d.<\/p>\n<p>\u201cPor, edhe Serbia edhe Kosova marrin nga nj\u00eb marr\u00ebveshje e nd\u00ebrsjell\u00eb, se kalojn\u00eb n\u00eb nj\u00eb etap\u00eb t\u00eb re t\u00eb marr\u00ebdh\u00ebnieve t\u00eb nd\u00ebrsjella dhe nj\u00ebkoh\u00ebsisht p\u00ebrshpejtojn\u00eb procesin e tyre n\u00eb integrim Serbia drejt BE-s\u00eb, nd\u00ebrsa Kosova drejt integrimeve euroatlantike sepse ne e synojm\u00eb NATO-n\u201d.<\/p>\n","protected":false},"excerpt":{"rendered":"<p>Kandidati p\u00ebr kryeminist\u00ebr i koalicionit nd\u00ebrmjet Aleanc\u00ebs p\u00ebr Ardhm\u00ebrin\u00eb e Kosov\u00ebs dhe Partis\u00eb Socialdemokrate, Ramush Haradinaj, ka th\u00ebn\u00eb se marr\u00ebveshja finale me Serbin\u00eb, do t\u00eb arrihet, kur Beogradi t\u00eb kuptoj\u00eb se nuk mund t\u00eb fitoj\u00eb asgj\u00eb nga Kosova. N\u00eb nj\u00eb intervist\u00eb p\u00ebr REL, Haradinaj po ashtu flet edhe p\u00ebr arsyet se pse duhet t\u00eb ket\u00eb [&hellip;]<\/p>\n","protected":false},"author":1,"featured_media":44733,"comment_status":"closed","ping_status":"closed","sticky":false,"template":"","format":"standard","meta":{"footnotes":""},"categories":[5],"tags":[],"class_list":{"0":"post-44732","1":"post","2":"type-post","3":"status-publish","4":"format-standard","5":"has-post-thumbnail","7":"category-lajme"},"_links":{"self":[{"href":"https:\/\/radiostargjilan.com\/web\/wp-json\/wp\/v2\/posts\/44732","targetHints":{"allow":["GET"]}}],"collection":[{"href":"https:\/\/radiostargjilan.com\/web\/wp-json\/wp\/v2\/posts"}],"about":[{"href":"https:\/\/radiostargjilan.com\/web\/wp-json\/wp\/v2\/types\/post"}],"author":[{"embeddable":true,"href":"https:\/\/radiostargjilan.com\/web\/wp-json\/wp\/v2\/users\/1"}],"replies":[{"embeddable":true,"href":"https:\/\/radiostargjilan.com\/web\/wp-json\/wp\/v2\/comments?post=44732"}],"version-history":[{"count":0,"href":"https:\/\/radiostargjilan.com\/web\/wp-json\/wp\/v2\/posts\/44732\/revisions"}],"wp:featuredmedia":[{"embeddable":true,"href":"https:\/\/radiostargjilan.com\/web\/wp-json\/wp\/v2\/media\/44733"}],"wp:attachment":[{"href":"https:\/\/radiostargjilan.com\/web\/wp-json\/wp\/v2\/media?parent=44732"}],"wp:term":[{"taxonomy":"category","embeddable":true,"href":"https:\/\/radiostargjilan.com\/web\/wp-json\/wp\/v2\/categories?post=44732"},{"taxonomy":"post_tag","embeddable":true,"href":"https:\/\/radiostargjilan.com\/web\/wp-json\/wp\/v2\/tags?post=44732"}],"curies":[{"name":"wp","href":"https:\/\/api.w.org\/{rel}","templated":true}]}}