{"id":45859,"date":"2019-10-08T18:06:50","date_gmt":"2019-10-08T18:06:50","guid":{"rendered":"http:\/\/radiostargjilan.com\/web\/?p=45859"},"modified":"2019-10-08T18:06:50","modified_gmt":"2019-10-08T18:06:50","slug":"mustafa-do-te-takohemi-me-kurtin-per-bashkeqeverisje","status":"publish","type":"post","link":"https:\/\/radiostargjilan.com\/web\/mustafa-do-te-takohemi-me-kurtin-per-bashkeqeverisje\/","title":{"rendered":"Mustafa: Do t\u00eb takohemi me Kurtin p\u00ebr bashk\u00ebqeverisje!"},"content":{"rendered":"<p>Kryetari i LDK-s\u00eb, Isa Mustafa, ka komentuar zgjedhjet e s\u00eb diel\u00ebs, derisa ka th\u00ebn\u00eb se qytetar\u00ebt nd\u00ebshkruan ata q\u00eb qeveris\u00ebn keq.<\/p>\n<p>Ai ka th\u00ebn\u00eb se fituesi do t\u00eb dihet pasi p\u00ebrfundimisht t\u00eb p\u00ebrfundoi num\u00ebrimi i plot\u00eb i votave, derisa ka shtuar se do t\u00eb shikojn\u00eb dhe mund\u00ebsit\u00eb e bashk\u00ebqeverisjes me VV-n\u00eb.<\/p>\n<p>Ky \u00ebsht\u00eb postimi i plot\u00eb:<\/p>\n<p>N\u00eb zgjedhjet e 6 tetorit LDK mori p\u00ebrkrahje t\u00eb gjer\u00eb nga qytetar\u00ebt tan\u00eb. Qytetar\u00ebt nd\u00ebshkuan ata q\u00eb qeveris\u00ebn keq.<\/p>\n<p>N\u00eb nj\u00eb gar\u00eb tep\u00ebr t\u00eb ngusht\u00eb, 50:50, fituesi, LDK apo VV, do t\u00eb dihet p\u00ebrfundimisht pasi t\u00eb p\u00ebrfundon num\u00ebrimi i plot\u00eb i t\u00eb gjitha votave.<br \/>\nK\u00ebto dit\u00eb, s\u00eb bashku me kandidaten ton\u00eb p\u00ebr kryeministre, znj. Vjosa Osmani, do t\u00eb takohemi me Kryetarin e L\u00ebvizjes Vet\u00ebvendosje, z. Kurti p\u00ebr t\u00eb vler\u00ebsuar procesin zgjedhor dhe mund\u00ebsit\u00eb e bashk\u00ebqeverisjes. Do t\u00eb vazhdojm\u00eb aty ku e kemi l\u00ebn\u00eb para fillimit t\u00eb procesit zgjedhor, duke respektuar vullnetin e qytetar\u00ebve t\u00eb shprehur me vot\u00eb t\u00eb lir\u00eb n\u00eb nj\u00eb proces demokratik zgjedhor por edhe interesin e LDK-s\u00eb<\/p>\n","protected":false},"excerpt":{"rendered":"<p>Kryetari i LDK-s\u00eb, Isa Mustafa, ka komentuar zgjedhjet e s\u00eb diel\u00ebs, derisa ka th\u00ebn\u00eb se qytetar\u00ebt nd\u00ebshkruan ata q\u00eb qeveris\u00ebn keq. Ai ka th\u00ebn\u00eb se fituesi do t\u00eb dihet pasi p\u00ebrfundimisht t\u00eb p\u00ebrfundoi num\u00ebrimi i plot\u00eb i votave, derisa ka shtuar se do t\u00eb shikojn\u00eb dhe mund\u00ebsit\u00eb e bashk\u00ebqeverisjes me VV-n\u00eb. Ky \u00ebsht\u00eb postimi i [&hellip;]<\/p>\n","protected":false},"author":1,"featured_media":45860,"comment_status":"closed","ping_status":"closed","sticky":false,"template":"","format":"standard","meta":{"footnotes":""},"categories":[5],"tags":[],"class_list":{"0":"post-45859","1":"post","2":"type-post","3":"status-publish","4":"format-standard","5":"has-post-thumbnail","7":"category-lajme"},"_links":{"self":[{"href":"https:\/\/radiostargjilan.com\/web\/wp-json\/wp\/v2\/posts\/45859","targetHints":{"allow":["GET"]}}],"collection":[{"href":"https:\/\/radiostargjilan.com\/web\/wp-json\/wp\/v2\/posts"}],"about":[{"href":"https:\/\/radiostargjilan.com\/web\/wp-json\/wp\/v2\/types\/post"}],"author":[{"embeddable":true,"href":"https:\/\/radiostargjilan.com\/web\/wp-json\/wp\/v2\/users\/1"}],"replies":[{"embeddable":true,"href":"https:\/\/radiostargjilan.com\/web\/wp-json\/wp\/v2\/comments?post=45859"}],"version-history":[{"count":0,"href":"https:\/\/radiostargjilan.com\/web\/wp-json\/wp\/v2\/posts\/45859\/revisions"}],"wp:featuredmedia":[{"embeddable":true,"href":"https:\/\/radiostargjilan.com\/web\/wp-json\/wp\/v2\/media\/45860"}],"wp:attachment":[{"href":"https:\/\/radiostargjilan.com\/web\/wp-json\/wp\/v2\/media?parent=45859"}],"wp:term":[{"taxonomy":"category","embeddable":true,"href":"https:\/\/radiostargjilan.com\/web\/wp-json\/wp\/v2\/categories?post=45859"},{"taxonomy":"post_tag","embeddable":true,"href":"https:\/\/radiostargjilan.com\/web\/wp-json\/wp\/v2\/tags?post=45859"}],"curies":[{"name":"wp","href":"https:\/\/api.w.org\/{rel}","templated":true}]}}