{"id":45862,"date":"2019-10-08T19:24:15","date_gmt":"2019-10-08T19:24:15","guid":{"rendered":"http:\/\/radiostargjilan.com\/web\/?p=45862"},"modified":"2019-10-08T19:24:15","modified_gmt":"2019-10-08T19:24:15","slug":"kurti-ose-behet-koalicioni-vv-ldk-ose-shkojme-ne-zgjedhje-prap","status":"publish","type":"post","link":"https:\/\/radiostargjilan.com\/web\/kurti-ose-behet-koalicioni-vv-ldk-ose-shkojme-ne-zgjedhje-prap\/","title":{"rendered":"Kurti: Ose b\u00ebhet koalicioni VV-LDK ose shkojm\u00eb n\u00eb zgjedhje prap"},"content":{"rendered":"<p>Kandidati p\u00ebr kryeminist\u00ebr nga rradh\u00ebt e Vet\u00ebvevndosjes Albin Kurti ka th\u00ebn\u00eb se ose do t\u00eb b\u00ebhet nj\u00eb koaliconi mes partis\u00eb s\u00eb tij dhe LDK\u2019s\u00eb ose do t\u00eb shkojn\u00eb p\u00ebrs\u00ebri n\u00eb zgjedhje.<\/p>\n<p>Fituesi i zgjedhjeve t\u00eb 6 tetorit, Albin Kurti, ka folur p\u00ebr koalicionin e mundsh\u00ebm paszgjedhor me Lidhjen Demokratike t\u00eb Kosov\u00ebs. Ai n\u00eb nj\u00eb intervist\u00eb p\u00ebr KTV\u2019n\u00eb tha se n\u00ebse LDK nuk d\u00ebshiron koalicion me VV\u2019n\u00eb, \u201cpo shkojm\u00eb prap\u00eb n\u00eb zgjedhje\u201d.<\/p>\n<p>\u201cN\u00ebse nuk d\u00ebshirojn\u00eb koalicion po shkojm\u00eb n\u00eb zgjedhje prap\u00eb, ose t\u00eb b\u00ebhet koalicioni VV-LDK ose po shkojm\u00eb n\u00eb zgjedhje\u201d, tha Kurti, transmeton Gazeta Sinjali.<\/p>\n<p>M\u00eb tej, Kurti ka konfirmuar se gjat\u00eb k\u00ebsaj jave do t\u00eb takohet me kryetarin e LDK-s\u00eb Isa Mustafa dhe n\u00ebnkryetaren e k\u00ebsja partie Vjosa Osmanin.\/gazetametro.net<\/p>\n","protected":false},"excerpt":{"rendered":"<p>Kandidati p\u00ebr kryeminist\u00ebr nga rradh\u00ebt e Vet\u00ebvevndosjes Albin Kurti ka th\u00ebn\u00eb se ose do t\u00eb b\u00ebhet nj\u00eb koaliconi mes partis\u00eb s\u00eb tij dhe LDK\u2019s\u00eb ose do t\u00eb shkojn\u00eb p\u00ebrs\u00ebri n\u00eb zgjedhje. Fituesi i zgjedhjeve t\u00eb 6 tetorit, Albin Kurti, ka folur p\u00ebr koalicionin e mundsh\u00ebm paszgjedhor me Lidhjen Demokratike t\u00eb Kosov\u00ebs. Ai n\u00eb nj\u00eb intervist\u00eb [&hellip;]<\/p>\n","protected":false},"author":1,"featured_media":44963,"comment_status":"closed","ping_status":"closed","sticky":false,"template":"","format":"standard","meta":{"footnotes":""},"categories":[5],"tags":[],"class_list":{"0":"post-45862","1":"post","2":"type-post","3":"status-publish","4":"format-standard","5":"has-post-thumbnail","7":"category-lajme"},"_links":{"self":[{"href":"https:\/\/radiostargjilan.com\/web\/wp-json\/wp\/v2\/posts\/45862","targetHints":{"allow":["GET"]}}],"collection":[{"href":"https:\/\/radiostargjilan.com\/web\/wp-json\/wp\/v2\/posts"}],"about":[{"href":"https:\/\/radiostargjilan.com\/web\/wp-json\/wp\/v2\/types\/post"}],"author":[{"embeddable":true,"href":"https:\/\/radiostargjilan.com\/web\/wp-json\/wp\/v2\/users\/1"}],"replies":[{"embeddable":true,"href":"https:\/\/radiostargjilan.com\/web\/wp-json\/wp\/v2\/comments?post=45862"}],"version-history":[{"count":0,"href":"https:\/\/radiostargjilan.com\/web\/wp-json\/wp\/v2\/posts\/45862\/revisions"}],"wp:featuredmedia":[{"embeddable":true,"href":"https:\/\/radiostargjilan.com\/web\/wp-json\/wp\/v2\/media\/44963"}],"wp:attachment":[{"href":"https:\/\/radiostargjilan.com\/web\/wp-json\/wp\/v2\/media?parent=45862"}],"wp:term":[{"taxonomy":"category","embeddable":true,"href":"https:\/\/radiostargjilan.com\/web\/wp-json\/wp\/v2\/categories?post=45862"},{"taxonomy":"post_tag","embeddable":true,"href":"https:\/\/radiostargjilan.com\/web\/wp-json\/wp\/v2\/tags?post=45862"}],"curies":[{"name":"wp","href":"https:\/\/api.w.org\/{rel}","templated":true}]}}