{"id":45934,"date":"2019-10-10T11:20:57","date_gmt":"2019-10-10T11:20:57","guid":{"rendered":"http:\/\/radiostargjilan.com\/web\/?p=45934"},"modified":"2019-10-10T11:20:57","modified_gmt":"2019-10-10T11:20:57","slug":"plaku-me-plis-pjesemarres-ne-paraden-e-krenarise","status":"publish","type":"post","link":"https:\/\/radiostargjilan.com\/web\/plaku-me-plis-pjesemarres-ne-paraden-e-krenarise\/","title":{"rendered":"Plaku me plis, pjes\u00ebmarr\u00ebs n\u00eb Parad\u00ebn e Krenaris\u00eb"},"content":{"rendered":"<p>Sot n\u00eb Prishtin\u00eb po mbahet Parada e Krenaris\u00eb.<\/p>\n<p>N\u00eb p\u00ebrkrahje t\u00eb komunitetit LGBTI kan\u00eb dal\u00eb shum\u00eb personalitete t\u00eb njohura.<\/p>\n<p>Prezent n\u00eb parad\u00eb \u00ebsht\u00eb par\u00eb edhe nj\u00eb plak kosovar me plis n\u00eb kok\u00eb.<\/p>\n<p><img loading=\"lazy\" loading=\"lazy\" decoding=\"async\" src=\"http:\/\/radiostargjilan.com\/web\/wp-content\/uploads\/2019\/10\/804BD829-0FCE-4E0C-A378-4504FCA37333.jpeg\" alt=\"\" width=\"714\" height=\"960\" class=\"aligncenter size-full wp-image-45935\" srcset=\"https:\/\/radiostargjilan.com\/web\/wp-content\/uploads\/2019\/10\/804BD829-0FCE-4E0C-A378-4504FCA37333.jpeg 714w, https:\/\/radiostargjilan.com\/web\/wp-content\/uploads\/2019\/10\/804BD829-0FCE-4E0C-A378-4504FCA37333-600x807.jpeg 600w, https:\/\/radiostargjilan.com\/web\/wp-content\/uploads\/2019\/10\/804BD829-0FCE-4E0C-A378-4504FCA37333-223x300.jpeg 223w\" sizes=\"auto, (max-width: 714px) 100vw, 714px\" \/><\/p>\n","protected":false},"excerpt":{"rendered":"<p>Sot n\u00eb Prishtin\u00eb po mbahet Parada e Krenaris\u00eb. N\u00eb p\u00ebrkrahje t\u00eb komunitetit LGBTI kan\u00eb dal\u00eb shum\u00eb personalitete t\u00eb njohura. Prezent n\u00eb parad\u00eb \u00ebsht\u00eb par\u00eb edhe nj\u00eb plak kosovar me plis n\u00eb kok\u00eb.<\/p>\n","protected":false},"author":1,"featured_media":45936,"comment_status":"closed","ping_status":"closed","sticky":false,"template":"","format":"standard","meta":{"footnotes":""},"categories":[5],"tags":[],"class_list":{"0":"post-45934","1":"post","2":"type-post","3":"status-publish","4":"format-standard","5":"has-post-thumbnail","7":"category-lajme"},"_links":{"self":[{"href":"https:\/\/radiostargjilan.com\/web\/wp-json\/wp\/v2\/posts\/45934","targetHints":{"allow":["GET"]}}],"collection":[{"href":"https:\/\/radiostargjilan.com\/web\/wp-json\/wp\/v2\/posts"}],"about":[{"href":"https:\/\/radiostargjilan.com\/web\/wp-json\/wp\/v2\/types\/post"}],"author":[{"embeddable":true,"href":"https:\/\/radiostargjilan.com\/web\/wp-json\/wp\/v2\/users\/1"}],"replies":[{"embeddable":true,"href":"https:\/\/radiostargjilan.com\/web\/wp-json\/wp\/v2\/comments?post=45934"}],"version-history":[{"count":0,"href":"https:\/\/radiostargjilan.com\/web\/wp-json\/wp\/v2\/posts\/45934\/revisions"}],"wp:featuredmedia":[{"embeddable":true,"href":"https:\/\/radiostargjilan.com\/web\/wp-json\/wp\/v2\/media\/45936"}],"wp:attachment":[{"href":"https:\/\/radiostargjilan.com\/web\/wp-json\/wp\/v2\/media?parent=45934"}],"wp:term":[{"taxonomy":"category","embeddable":true,"href":"https:\/\/radiostargjilan.com\/web\/wp-json\/wp\/v2\/categories?post=45934"},{"taxonomy":"post_tag","embeddable":true,"href":"https:\/\/radiostargjilan.com\/web\/wp-json\/wp\/v2\/tags?post=45934"}],"curies":[{"name":"wp","href":"https:\/\/api.w.org\/{rel}","templated":true}]}}