{"id":46060,"date":"2019-10-12T14:45:55","date_gmt":"2019-10-12T14:45:55","guid":{"rendered":"http:\/\/radiostargjilan.com\/web\/?p=46060"},"modified":"2019-10-12T14:45:55","modified_gmt":"2019-10-12T14:45:55","slug":"kurti-do-ti-kemi-vec-12-ministri-e-26-zevendesministra","status":"publish","type":"post","link":"https:\/\/radiostargjilan.com\/web\/kurti-do-ti-kemi-vec-12-ministri-e-26-zevendesministra\/","title":{"rendered":"Kurti: Do t\u2019i kemi ve\u00e7 12 ministri e 26 z\u00ebvend\u00ebsministra"},"content":{"rendered":"<p>Kreu i VV-S\u00eb, Albin Kurti ka vendosur t\u00eb zvog\u00ebloj\u00eb numrin e ministrave dhe z\u00ebvend\u00ebsministrave.<\/p>\n<p>Kandidati p\u00ebr Kryeminist\u00ebr ka th\u00ebn\u00eb se p\u00ebr dallim prej keqqeverisje s\u00eb PAN-it koalicionit me LDK do t\u00eb ket\u00eb vet\u00ebm 12 ministri. Ka premtuar se do t\u00eb jen\u00eb vet\u00ebm 26 z\u00ebvend\u00ebsministra.<\/p>\n<p>\u201cU dakorduam q\u00eb t\u2019i zvog\u00eblojm\u00eb ministrit\u00eb nga 21 sa kan\u00eb qen\u00eb n\u00eb keqqeverisjen e kaluar, t\u2019i sjellim diku n\u00eb 12. Por, edhe t\u00eb mos jen\u00eb m\u00eb shum\u00eb se nj\u00eb e treta e z\u00ebvend\u00ebsministrave nga keqqeverisja e kaluar dy vje\u00e7are, t\u00eb mos jen\u00eb rreth 80 prej tyre, por nj\u00eb e treta e asaj \u00e7far\u00eb kishim. Gjithashtu u dakorduam q\u00eb 30 p\u00ebr qind edhe t\u00eb ministrave dhe t\u00eb z\u00ebvend\u00ebsministra t\u00eb jen\u00eb gra n\u00eb kuad\u00ebr t\u00eb p\u00ebrpjekjeve tona p\u00ebr barazi gjinore\u201d, ka th\u00ebn\u00eb Albin Kurti, duke komentuar takimin me Vjosa Osmanin e Isa Mustaf\u00ebn.<\/p>\n<p>Me gjith\u00eb kund\u00ebrshtimin q\u00eb ka p\u00ebr iden\u00eb e shk\u00ebmbimit t\u00eb territoreve, Kurti thot\u00eb se ai do ta udh\u00ebheq\u00eb dialogun me Serbin\u00eb dhe nd\u00ebrmjet\u00ebsimin e Bashkimit Evropian (BE), por shton se pjes\u00eb e ekipit negociator do t\u00eb jet\u00eb edhe opozita e ardhshme e vendit.<\/p>\n<p>\u201cMe mua si kryeminist\u00ebr i Kosov\u00ebs do t\u00eb fillojm\u00eb qysh n\u00eb jav\u00ebn e par\u00eb dialogun me serb\u00ebt e Kosov\u00ebs nga posht\u00eb lart\u00eb, p\u00ebr zhvillim, p\u00ebr integrim shoq\u00ebror. Kjo \u00ebsht\u00eb nj\u00eb gj\u00eb tjet\u00ebr, e pranoj. Por, do ta fillojm\u00eb sepse asnj\u00eb kryeminist\u00ebr deri m\u00eb sot nuk e ka b\u00ebr\u00eb k\u00ebt\u00eb\u201d, thot\u00eb ai.<\/p>\n<p>Ai ka shtuar se pas k\u00ebsaj do ta b\u00ebj\u00eb bilancin e 33 marr\u00ebveshjeve t\u00eb deritanishme q\u00eb jan\u00eb n\u00ebnshkruar midis Kosov\u00ebs dhe Serbis\u00eb p\u00ebrgjat\u00eb dialogut gjasht\u00ebvje\u00e7ar 2011-2017 n\u00eb Bruksel, p\u00ebr t\u00eb par\u00eb se sa jan\u00eb zbatuar k\u00ebto marr\u00ebveshje dhe cili ka qen\u00eb ndikimi i tyre.<\/p>\n","protected":false},"excerpt":{"rendered":"<p>Kreu i VV-S\u00eb, Albin Kurti ka vendosur t\u00eb zvog\u00ebloj\u00eb numrin e ministrave dhe z\u00ebvend\u00ebsministrave. Kandidati p\u00ebr Kryeminist\u00ebr ka th\u00ebn\u00eb se p\u00ebr dallim prej keqqeverisje s\u00eb PAN-it koalicionit me LDK do t\u00eb ket\u00eb vet\u00ebm 12 ministri. Ka premtuar se do t\u00eb jen\u00eb vet\u00ebm 26 z\u00ebvend\u00ebsministra. \u201cU dakorduam q\u00eb t\u2019i zvog\u00eblojm\u00eb ministrit\u00eb nga 21 sa kan\u00eb qen\u00eb [&hellip;]<\/p>\n","protected":false},"author":1,"featured_media":46061,"comment_status":"closed","ping_status":"closed","sticky":false,"template":"","format":"standard","meta":{"footnotes":""},"categories":[5],"tags":[],"class_list":{"0":"post-46060","1":"post","2":"type-post","3":"status-publish","4":"format-standard","5":"has-post-thumbnail","7":"category-lajme"},"_links":{"self":[{"href":"https:\/\/radiostargjilan.com\/web\/wp-json\/wp\/v2\/posts\/46060","targetHints":{"allow":["GET"]}}],"collection":[{"href":"https:\/\/radiostargjilan.com\/web\/wp-json\/wp\/v2\/posts"}],"about":[{"href":"https:\/\/radiostargjilan.com\/web\/wp-json\/wp\/v2\/types\/post"}],"author":[{"embeddable":true,"href":"https:\/\/radiostargjilan.com\/web\/wp-json\/wp\/v2\/users\/1"}],"replies":[{"embeddable":true,"href":"https:\/\/radiostargjilan.com\/web\/wp-json\/wp\/v2\/comments?post=46060"}],"version-history":[{"count":0,"href":"https:\/\/radiostargjilan.com\/web\/wp-json\/wp\/v2\/posts\/46060\/revisions"}],"wp:featuredmedia":[{"embeddable":true,"href":"https:\/\/radiostargjilan.com\/web\/wp-json\/wp\/v2\/media\/46061"}],"wp:attachment":[{"href":"https:\/\/radiostargjilan.com\/web\/wp-json\/wp\/v2\/media?parent=46060"}],"wp:term":[{"taxonomy":"category","embeddable":true,"href":"https:\/\/radiostargjilan.com\/web\/wp-json\/wp\/v2\/categories?post=46060"},{"taxonomy":"post_tag","embeddable":true,"href":"https:\/\/radiostargjilan.com\/web\/wp-json\/wp\/v2\/tags?post=46060"}],"curies":[{"name":"wp","href":"https:\/\/api.w.org\/{rel}","templated":true}]}}