{"id":46158,"date":"2019-10-13T19:00:55","date_gmt":"2019-10-13T19:00:55","guid":{"rendered":"http:\/\/radiostargjilan.com\/web\/?p=46158"},"modified":"2019-10-13T19:00:55","modified_gmt":"2019-10-13T19:00:55","slug":"isufi-baca-limon-veprimtar-humanist-e-atdhetar-i-devotshem","status":"publish","type":"post","link":"https:\/\/radiostargjilan.com\/web\/isufi-baca-limon-veprimtar-humanist-e-atdhetar-i-devotshem\/","title":{"rendered":"Isufi: Baca Limon, veprimtar, humanist e atdhetar i devotsh\u00ebm"},"content":{"rendered":"<p>Qytetar\u00eb t\u00eb nderuar, aktivist\u00eb,<br \/>\nsot n\u00eb mosh\u00ebn 94 vje\u00e7are ka nd\u00ebrruar jet\u00eb nj\u00eb veprimtar Atdhetar, Limon Ymer Isufi, apo si\u00e7 e njohin t\u00eb gjith\u00eb baca Limon &#8211; babai i komandantit t\u00eb Zon\u00ebs Operative t\u00eb Karadakut, Ahmet Isufi.<\/p>\n<p>Ishte nj\u00eb aktivist e humanist, atdhetar i devotsh\u00ebm, pjes\u00ebmarr\u00ebs n\u00eb shum\u00eb ngjarje me r\u00ebnd\u00ebsi q\u00eb nga Lufta e Dyt\u00eb Bot\u00ebrore. Njeri i mir\u00eb e me virtyte t\u00eb larta njer\u00ebzore e komb\u00ebtare. <\/p>\n<p>E gjith\u00eb familja, shoq\u00ebria e t\u00eb gjitha moshave, do t\u00eb ndjejm\u00eb munges\u00ebn dhe zbraz\u00ebtin\u00eb q\u00eb do t\u00eb l\u00eb baca Limon. U preht\u00eb n\u00eb paqe baca Limon, e gjith\u00eb familjes, shok\u00ebve dhe miq\u00ebsis\u00eb s\u00eb gjer\u00eb t\u00eb tij u shprehim ngush\u00ebllimet tona m\u00eb t\u00eb thella!<\/p>\n<p>Kryetari i qendr\u00ebs s\u00eb L\u00ebvizjes n\u00eb Gjilan &#8211; Nevzad Isufi<\/p>\n","protected":false},"excerpt":{"rendered":"<p>Qytetar\u00eb t\u00eb nderuar, aktivist\u00eb, sot n\u00eb mosh\u00ebn 94 vje\u00e7are ka nd\u00ebrruar jet\u00eb nj\u00eb veprimtar Atdhetar, Limon Ymer Isufi, apo si\u00e7 e njohin t\u00eb gjith\u00eb baca Limon &#8211; babai i komandantit t\u00eb Zon\u00ebs Operative t\u00eb Karadakut, Ahmet Isufi. Ishte nj\u00eb aktivist e humanist, atdhetar i devotsh\u00ebm, pjes\u00ebmarr\u00ebs n\u00eb shum\u00eb ngjarje me r\u00ebnd\u00ebsi q\u00eb nga Lufta e [&hellip;]<\/p>\n","protected":false},"author":1,"featured_media":46137,"comment_status":"closed","ping_status":"closed","sticky":false,"template":"","format":"standard","meta":{"footnotes":""},"categories":[5],"tags":[],"class_list":{"0":"post-46158","1":"post","2":"type-post","3":"status-publish","4":"format-standard","5":"has-post-thumbnail","7":"category-lajme"},"_links":{"self":[{"href":"https:\/\/radiostargjilan.com\/web\/wp-json\/wp\/v2\/posts\/46158","targetHints":{"allow":["GET"]}}],"collection":[{"href":"https:\/\/radiostargjilan.com\/web\/wp-json\/wp\/v2\/posts"}],"about":[{"href":"https:\/\/radiostargjilan.com\/web\/wp-json\/wp\/v2\/types\/post"}],"author":[{"embeddable":true,"href":"https:\/\/radiostargjilan.com\/web\/wp-json\/wp\/v2\/users\/1"}],"replies":[{"embeddable":true,"href":"https:\/\/radiostargjilan.com\/web\/wp-json\/wp\/v2\/comments?post=46158"}],"version-history":[{"count":0,"href":"https:\/\/radiostargjilan.com\/web\/wp-json\/wp\/v2\/posts\/46158\/revisions"}],"wp:featuredmedia":[{"embeddable":true,"href":"https:\/\/radiostargjilan.com\/web\/wp-json\/wp\/v2\/media\/46137"}],"wp:attachment":[{"href":"https:\/\/radiostargjilan.com\/web\/wp-json\/wp\/v2\/media?parent=46158"}],"wp:term":[{"taxonomy":"category","embeddable":true,"href":"https:\/\/radiostargjilan.com\/web\/wp-json\/wp\/v2\/categories?post=46158"},{"taxonomy":"post_tag","embeddable":true,"href":"https:\/\/radiostargjilan.com\/web\/wp-json\/wp\/v2\/tags?post=46158"}],"curies":[{"name":"wp","href":"https:\/\/api.w.org\/{rel}","templated":true}]}}