{"id":46176,"date":"2019-10-14T09:53:48","date_gmt":"2019-10-14T09:53:48","guid":{"rendered":"http:\/\/radiostargjilan.com\/web\/?p=46176"},"modified":"2019-10-14T09:53:48","modified_gmt":"2019-10-14T09:53:48","slug":"fushata-e-eger-e-serbise-kunder-kosoves","status":"publish","type":"post","link":"https:\/\/radiostargjilan.com\/web\/fushata-e-eger-e-serbise-kunder-kosoves\/","title":{"rendered":"Fushata e eg\u00ebr e Serbis\u00eb kund\u00ebr Kosov\u00ebs"},"content":{"rendered":"<p>Fushata e eg\u00ebr e Serbis\u00eb kund\u00ebr Kosov\u00ebs nuk ka t\u00eb ndalur dhe k\u00ebt\u00eb m\u00eb s\u00eb miri e d\u00ebshmon deklarata e fundit e ministrit t\u00eb Brendsh\u00ebm t\u00eb Serbis\u00eb, Nebojsha Stefanoviq, q\u00eb ka b\u00ebr\u00eb t\u00eb ditur se do t\u00eb vazhdojn\u00eb t\u00eb luftojn\u00eb fuqish\u00ebm kund\u00ebr pranimit t\u00eb Kosov\u00ebs n\u00eb organizata nd\u00ebrkomb\u00ebtare siq \u00ebsht\u00eb edhe rasti i Interpolit.<\/p>\n<p>N\u00eb nj\u00eb postim n\u00eb Twitter, Stefanoviq ka shkruar se: \u201cPo fillon faza e fundit e luft\u00ebs ton\u00eb! Do t\u00eb japim gjith\u00e7ka nga vetja q\u00eb Kosova t\u00eb mos realizoj\u00eb synimet e saj. Do t\u00eb luftojm\u00eb deri n\u00eb sekond\u00ebn e fundit t\u00eb votimit\u201d<\/p>\n<p>N\u00eb an\u00ebn tjet\u00ebr delegacioni i Serbis\u00eb ka njoftuar se nga nes\u00ebr do t\u00eb fillojn\u00eb me aktivitete intensive diplomatike n\u00eb Santiago t\u00eb Kilit, q\u00eb edhe k\u00ebt\u00eb vit t\u00eb parandalojn\u00eb pranimin e Kosov\u00ebs n\u00eb organizat\u00ebn nd\u00ebrkomb\u00ebtare t\u00eb policis\u00eb e njohur ndryshe si Interpol.<\/p>\n<p>Kujtojm\u00eb q\u00eb koh\u00eb m\u00eb par\u00eb ministri i Jasht\u00ebm i Serbis\u00eb, Ivica Da\u00e7iq, pati deklaruar se n\u00eb rast se Kosova arrin t\u00eb an\u00ebtar\u00ebsohet n\u00eb Interpol, ai do t\u00eb jap dor\u00ebheqje nga posti q\u00eb ai e ushtron n\u00eb qeverin\u00eb e Aleksandar Vu\u00e7iqit.<br \/>\n<img loading=\"lazy\" loading=\"lazy\" decoding=\"async\" src=\"http:\/\/radiostargjilan.com\/web\/wp-content\/uploads\/2019\/10\/3A7B5858-D9EE-49D1-8C78-3748673F1625.png\" alt=\"\" width=\"1242\" height=\"2208\" class=\"aligncenter size-full wp-image-46177\" srcset=\"https:\/\/radiostargjilan.com\/web\/wp-content\/uploads\/2019\/10\/3A7B5858-D9EE-49D1-8C78-3748673F1625.png 1242w, https:\/\/radiostargjilan.com\/web\/wp-content\/uploads\/2019\/10\/3A7B5858-D9EE-49D1-8C78-3748673F1625-600x1067.png 600w, https:\/\/radiostargjilan.com\/web\/wp-content\/uploads\/2019\/10\/3A7B5858-D9EE-49D1-8C78-3748673F1625-169x300.png 169w, https:\/\/radiostargjilan.com\/web\/wp-content\/uploads\/2019\/10\/3A7B5858-D9EE-49D1-8C78-3748673F1625-768x1365.png 768w, https:\/\/radiostargjilan.com\/web\/wp-content\/uploads\/2019\/10\/3A7B5858-D9EE-49D1-8C78-3748673F1625-576x1024.png 576w\" sizes=\"auto, (max-width: 1242px) 100vw, 1242px\" \/><\/p>\n","protected":false},"excerpt":{"rendered":"<p>Fushata e eg\u00ebr e Serbis\u00eb kund\u00ebr Kosov\u00ebs nuk ka t\u00eb ndalur dhe k\u00ebt\u00eb m\u00eb s\u00eb miri e d\u00ebshmon deklarata e fundit e ministrit t\u00eb Brendsh\u00ebm t\u00eb Serbis\u00eb, Nebojsha Stefanoviq, q\u00eb ka b\u00ebr\u00eb t\u00eb ditur se do t\u00eb vazhdojn\u00eb t\u00eb luftojn\u00eb fuqish\u00ebm kund\u00ebr pranimit t\u00eb Kosov\u00ebs n\u00eb organizata nd\u00ebrkomb\u00ebtare siq \u00ebsht\u00eb edhe rasti i Interpolit. N\u00eb [&hellip;]<\/p>\n","protected":false},"author":1,"featured_media":46076,"comment_status":"closed","ping_status":"closed","sticky":false,"template":"","format":"standard","meta":{"footnotes":""},"categories":[5],"tags":[],"class_list":{"0":"post-46176","1":"post","2":"type-post","3":"status-publish","4":"format-standard","5":"has-post-thumbnail","7":"category-lajme"},"_links":{"self":[{"href":"https:\/\/radiostargjilan.com\/web\/wp-json\/wp\/v2\/posts\/46176","targetHints":{"allow":["GET"]}}],"collection":[{"href":"https:\/\/radiostargjilan.com\/web\/wp-json\/wp\/v2\/posts"}],"about":[{"href":"https:\/\/radiostargjilan.com\/web\/wp-json\/wp\/v2\/types\/post"}],"author":[{"embeddable":true,"href":"https:\/\/radiostargjilan.com\/web\/wp-json\/wp\/v2\/users\/1"}],"replies":[{"embeddable":true,"href":"https:\/\/radiostargjilan.com\/web\/wp-json\/wp\/v2\/comments?post=46176"}],"version-history":[{"count":0,"href":"https:\/\/radiostargjilan.com\/web\/wp-json\/wp\/v2\/posts\/46176\/revisions"}],"wp:featuredmedia":[{"embeddable":true,"href":"https:\/\/radiostargjilan.com\/web\/wp-json\/wp\/v2\/media\/46076"}],"wp:attachment":[{"href":"https:\/\/radiostargjilan.com\/web\/wp-json\/wp\/v2\/media?parent=46176"}],"wp:term":[{"taxonomy":"category","embeddable":true,"href":"https:\/\/radiostargjilan.com\/web\/wp-json\/wp\/v2\/categories?post=46176"},{"taxonomy":"post_tag","embeddable":true,"href":"https:\/\/radiostargjilan.com\/web\/wp-json\/wp\/v2\/tags?post=46176"}],"curies":[{"name":"wp","href":"https:\/\/api.w.org\/{rel}","templated":true}]}}