{"id":46244,"date":"2019-10-15T10:01:30","date_gmt":"2019-10-15T10:01:30","guid":{"rendered":"http:\/\/radiostargjilan.com\/web\/?p=46244"},"modified":"2019-10-15T10:01:30","modified_gmt":"2019-10-15T10:01:30","slug":"salihi-per-vitin-2019-te-prioritet-rruga-muhoc-zarbice","status":"publish","type":"post","link":"https:\/\/radiostargjilan.com\/web\/salihi-per-vitin-2019-te-prioritet-rruga-muhoc-zarbice\/","title":{"rendered":"Salihi: P\u00ebr vitin 2019-t\u00eb prioritet rruga Muhoc \u2013 Zarbic\u00eb"},"content":{"rendered":"<p>Kryeshefi i ri i Sh\u00ebrbimit p\u00ebr Investime dhe Zhvillim n\u00eb kuad\u00ebr t\u00eb komun\u00ebs s\u00eb Bujanocit, Rahim Salihi n\u00eb nj\u00eb intervist\u00eb p\u00ebr Titulli.com deklaroi se p\u00ebr vitin 2019-t\u00eb n\u00eb infrastruktur\u00eb jan\u00eb investuar 217 milion\u00eb dinar\u00eb, ku 109 milion\u00eb jan\u00eb investuar nga Trupi Koordinues dhe pjesa tjet\u00ebr nga buxheti komunal.<br \/>\nP\u00ebr k\u00ebt\u00eb vit nj\u00eb nga projektet m\u00eb dometh\u00ebn\u00ebs p\u00ebr kryeshefin Salihi \u00ebsht\u00eb rruga Muhovc \u2013 Zarbinc\u00eb n\u00eb t\u00eb cil\u00ebn shum\u00eb shpejt do t\u00eb fillohet pun\u00eb.<\/p>\n<p>\u201cP\u00ebr k\u00ebt\u00eb vit\u00eb do t\u00eb jet\u00eb tendenca jon\u00eb edhe mundi jon\u00eb q\u00eb ti plot\u00ebsojm\u00eb, realizojm\u00eb t\u00eb gjitha projektet e parapara p\u00ebr vitin 2019-t\u00eb. Projekti m\u00eb i r\u00ebnd\u00ebsish\u00ebm dhe me prioritet \u00ebsht\u00eb p\u00ebrfundimi i asfaltimit t\u00eb rrug\u00ebs Muhovc \u2013 Zarbinc\u00eb, p\u00ebr t\u00eb cilin presim q\u00eb pun\u00ebt do t\u00eb fillojn\u00eb shum\u00eb shpejt dhe presim q\u00eb deri n\u00eb fund t\u00eb muajit n\u00ebntor t\u00eb kompletohet projekti n\u00eb t\u00ebr\u00ebsi. N\u00eb m\u00ebnyr\u00eb q\u00eb t\u00eb rrumbullaksohet projekti kapital p\u00ebr komun\u00ebn e Bujanovcit\u201d \u2013 tha Salihi\u2026<\/p>\n","protected":false},"excerpt":{"rendered":"<p>Kryeshefi i ri i Sh\u00ebrbimit p\u00ebr Investime dhe Zhvillim n\u00eb kuad\u00ebr t\u00eb komun\u00ebs s\u00eb Bujanocit, Rahim Salihi n\u00eb nj\u00eb intervist\u00eb p\u00ebr Titulli.com deklaroi se p\u00ebr vitin 2019-t\u00eb n\u00eb infrastruktur\u00eb jan\u00eb investuar 217 milion\u00eb dinar\u00eb, ku 109 milion\u00eb jan\u00eb investuar nga Trupi Koordinues dhe pjesa tjet\u00ebr nga buxheti komunal. P\u00ebr k\u00ebt\u00eb vit nj\u00eb nga projektet m\u00eb [&hellip;]<\/p>\n","protected":false},"author":1,"featured_media":46245,"comment_status":"closed","ping_status":"closed","sticky":false,"template":"","format":"standard","meta":{"footnotes":""},"categories":[5],"tags":[],"class_list":{"0":"post-46244","1":"post","2":"type-post","3":"status-publish","4":"format-standard","5":"has-post-thumbnail","7":"category-lajme"},"_links":{"self":[{"href":"https:\/\/radiostargjilan.com\/web\/wp-json\/wp\/v2\/posts\/46244","targetHints":{"allow":["GET"]}}],"collection":[{"href":"https:\/\/radiostargjilan.com\/web\/wp-json\/wp\/v2\/posts"}],"about":[{"href":"https:\/\/radiostargjilan.com\/web\/wp-json\/wp\/v2\/types\/post"}],"author":[{"embeddable":true,"href":"https:\/\/radiostargjilan.com\/web\/wp-json\/wp\/v2\/users\/1"}],"replies":[{"embeddable":true,"href":"https:\/\/radiostargjilan.com\/web\/wp-json\/wp\/v2\/comments?post=46244"}],"version-history":[{"count":0,"href":"https:\/\/radiostargjilan.com\/web\/wp-json\/wp\/v2\/posts\/46244\/revisions"}],"wp:featuredmedia":[{"embeddable":true,"href":"https:\/\/radiostargjilan.com\/web\/wp-json\/wp\/v2\/media\/46245"}],"wp:attachment":[{"href":"https:\/\/radiostargjilan.com\/web\/wp-json\/wp\/v2\/media?parent=46244"}],"wp:term":[{"taxonomy":"category","embeddable":true,"href":"https:\/\/radiostargjilan.com\/web\/wp-json\/wp\/v2\/categories?post=46244"},{"taxonomy":"post_tag","embeddable":true,"href":"https:\/\/radiostargjilan.com\/web\/wp-json\/wp\/v2\/tags?post=46244"}],"curies":[{"name":"wp","href":"https:\/\/api.w.org\/{rel}","templated":true}]}}