{"id":46290,"date":"2019-10-15T18:54:31","date_gmt":"2019-10-15T18:54:31","guid":{"rendered":"http:\/\/radiostargjilan.com\/web\/?p=46290"},"modified":"2019-10-15T18:54:31","modified_gmt":"2019-10-15T18:54:31","slug":"mustafa-nuk-ka-asnje-dallim-te-madh-qe-e-pamundeson-koalicionin-ldk-vv-2","status":"publish","type":"post","link":"https:\/\/radiostargjilan.com\/web\/mustafa-nuk-ka-asnje-dallim-te-madh-qe-e-pamundeson-koalicionin-ldk-vv-2\/","title":{"rendered":"Mustafa: Nuk ka asnj\u00eb dallim t\u00eb madh q\u00eb e pamund\u00ebson koalicionin LDK-VV"},"content":{"rendered":"<p>Z\u00ebdh\u00ebn\u00ebsi i LDK-s\u00eb dhe kandidati p\u00ebr deputet, Besian Mustafa, ka th\u00ebn\u00eb se n\u00ebse arrihet t\u00eb jet\u00eb pjes\u00eb e Kuvendit do t\u00eb fokusohet m\u00eb shum\u00eb n\u00eb zhvillimin ekonomik pasi edhe i takon k\u00ebsaj fushe.<\/p>\n<p>Mir\u00ebpo ai p\u00ebr p\u00ebrb\u00ebrjen e grupit parlamentar t\u00eb LDK-s\u00eb tha se \u00ebsht\u00eb ende her\u00ebt t\u00eb flitet, njofton Klan Kosova.<\/p>\n<p>\u201cPo presim num\u00ebrimin p\u00ebrfundimtar nga KQZ-ja q\u00eb ta dim\u00eb se cila parti ku q\u00ebndron edhe n\u00eb num\u00ebr nominal t\u00eb votave. Sa i p\u00ebrket p\u00ebrb\u00ebrjes t\u00eb grupit parlamentar \u00ebsht\u00eb pak her\u00ebt t\u00eb flasim dhe p\u00ebr k\u00ebt\u00eb nuk dua t\u00eb spekuloj p\u00ebr numrin\u201d.<\/p>\n<p>\u201cTashm\u00eb \u00ebsht\u00eb b\u00ebr\u00eb nj\u00eb vit q\u00eb jam z\u00ebdh\u00ebn\u00ebs i partis\u00eb dhe n\u00ebse arrij t\u00eb jem deputet do t\u00eb jem p\u00ebr her\u00eb t\u00eb par\u00eb. LDK ka nj\u00eb num\u00ebr t\u00eb konsideruesh\u00ebm t\u00eb djemve dhe t\u00eb vajza t\u00eb reja q\u00eb do t\u00eb jen\u00eb n\u00eb Kuvend\u201d.<\/p>\n<p>\u201cDo t\u00eb ket\u00eb deputet\u00eb t\u00eb ri por edhe t\u00eb till\u00eb q\u00eb kan\u00eb p\u00ebrvoj\u00eb t\u00eb gjat\u00eb n\u00eb politik\u00eb. Nuk do t\u00eb mungoj\u00eb p\u00ebrvoja politike dhe profesionale e deputet\u00ebve t\u00eb LDK-s\u00eb. Personalisht do t\u00eb p\u00ebrqendrohem n\u00eb fush\u00ebn e zhvillimit ekonomik, ve\u00e7an\u00ebrisht n\u00eb aspektin financiar ku kam m\u00eb shum\u00eb se 10 vjet eksperienc\u00eb. Kam edhe nj\u00eb interes personal q\u00eb t\u00eb shoh nj\u00eb zhvillim m\u00eb t\u00eb hovsh\u00ebm t\u00eb rinis\u00eb apo t\u00eb grave ku rreth 65 p\u00ebr qind e grave t\u00eb reja jan\u00eb t\u00eb papuna\u201d.<\/p>\n<p>\u201cAta q\u00eb sjellin ide t\u00eb reja dhe p\u00ebrfaq\u00ebsim m\u00eb t\u00eb af\u00ebrt t\u00eb LDK-s\u00eb ne i kemi kryesisht n\u00eb p\u00ebrb\u00ebrje dhe me k\u00ebto grupe parlamentare po i afrohemi m\u00eb shum\u00eb p\u00ebrfaq\u00ebsimit t\u00eb k\u00ebtyre grupeve demografike\u201d<\/p>\n<p>Mustafa ka shtuar se jan\u00eb duke punuar n\u00eb arritjen e marr\u00ebveshjes me L\u00ebvizjen Vet\u00ebvendosje edhe n\u00eb aspektet teknike t\u00eb programit.<\/p>\n<p>\u201cVjosa Osmani ka udh\u00ebtuar n\u00eb Washington, por grupet teknike dhe punuese kemi vazhduar takimet q\u00eb t\u00eb nd\u00ebrtojm\u00eb ura nd\u00ebrlidh\u00ebse. Nuk \u00ebsht\u00eb sekret ne kemi dallime pasi q\u00eb ne jemi t\u00eb djatht\u00eb dhe Vet\u00ebvendosja e qendr\u00ebs s\u00eb majt\u00eb, por p\u00ebr hir t\u00eb interesit t\u00eb Kosov\u00ebs qysh para zgjedhjeve kemi shprehur gatishm\u00ebrin\u00eb p\u00ebr koalicion\u201d.<\/p>\n<p>\u201cDallimet q\u00eb i kemi pas\u00eb bashk\u00ebrisht i kemi tejkaluara dhe ne jemi t\u00eb angazhuara q\u00eb temat teknike t\u2019i kemi t\u00eb p\u00ebrgatitura. Pra q\u00eb t\u00eb mos kemi dallime programore dhe t\u00eb kemi nj\u00eb program t\u00eb p\u00ebrbashk\u00ebt mes dy partive\u201d.<\/p>\n<p>\u201cPo punojm\u00eb q\u00eb t\u00eb kemi nj\u00eb koalicion LDK dhe VV, po ashtu si\u00e7 e dini jemi pajtuar q\u00eb kushdo q\u00eb i fiton zgjedhjet e merr postin e kryeministrit\u201d.<\/p>\n<p>Mustafa n\u00eb Info Magazine tha se as p\u00ebr dialogun nuk kan\u00eb dallime t\u00eb m\u00ebdha q\u00eb mund t\u00eb jen\u00eb shkak p\u00ebr mosarritje t\u00eb koalicionit.<\/p>\n<p>\u201cP\u00ebr momentin nuk shohim asnj\u00ebra pal\u00eb nj\u00eb tem\u00eb q\u00eb nuk na lejon koalicion. Nuk besoj q\u00eb kemi ndonj\u00eb tem\u00eb t\u00eb till\u00eb dhe besoj q\u00eb dallimet do t\u2019i zgjidhim p\u00ebr t\u00eb krijuar nj\u00eb qeveri t\u00eb p\u00ebrbashk\u00ebt. Mund t\u00eb mbetet ndonj\u00eb detaj q\u00eb m\u00eb pas do t\u00eb zgjidhim, por p\u00ebr momentin nuk shoh asnj\u00eb dallim t\u00eb madh\u201d.<\/p>\n","protected":false},"excerpt":{"rendered":"<p>Z\u00ebdh\u00ebn\u00ebsi i LDK-s\u00eb dhe kandidati p\u00ebr deputet, Besian Mustafa, ka th\u00ebn\u00eb se n\u00ebse arrihet t\u00eb jet\u00eb pjes\u00eb e Kuvendit do t\u00eb fokusohet m\u00eb shum\u00eb n\u00eb zhvillimin ekonomik pasi edhe i takon k\u00ebsaj fushe. Mir\u00ebpo ai p\u00ebr p\u00ebrb\u00ebrjen e grupit parlamentar t\u00eb LDK-s\u00eb tha se \u00ebsht\u00eb ende her\u00ebt t\u00eb flitet, njofton Klan Kosova. \u201cPo presim num\u00ebrimin [&hellip;]<\/p>\n","protected":false},"author":1,"featured_media":46145,"comment_status":"closed","ping_status":"closed","sticky":false,"template":"","format":"standard","meta":{"footnotes":""},"categories":[5],"tags":[],"class_list":{"0":"post-46290","1":"post","2":"type-post","3":"status-publish","4":"format-standard","5":"has-post-thumbnail","7":"category-lajme"},"_links":{"self":[{"href":"https:\/\/radiostargjilan.com\/web\/wp-json\/wp\/v2\/posts\/46290","targetHints":{"allow":["GET"]}}],"collection":[{"href":"https:\/\/radiostargjilan.com\/web\/wp-json\/wp\/v2\/posts"}],"about":[{"href":"https:\/\/radiostargjilan.com\/web\/wp-json\/wp\/v2\/types\/post"}],"author":[{"embeddable":true,"href":"https:\/\/radiostargjilan.com\/web\/wp-json\/wp\/v2\/users\/1"}],"replies":[{"embeddable":true,"href":"https:\/\/radiostargjilan.com\/web\/wp-json\/wp\/v2\/comments?post=46290"}],"version-history":[{"count":0,"href":"https:\/\/radiostargjilan.com\/web\/wp-json\/wp\/v2\/posts\/46290\/revisions"}],"wp:featuredmedia":[{"embeddable":true,"href":"https:\/\/radiostargjilan.com\/web\/wp-json\/wp\/v2\/media\/46145"}],"wp:attachment":[{"href":"https:\/\/radiostargjilan.com\/web\/wp-json\/wp\/v2\/media?parent=46290"}],"wp:term":[{"taxonomy":"category","embeddable":true,"href":"https:\/\/radiostargjilan.com\/web\/wp-json\/wp\/v2\/categories?post=46290"},{"taxonomy":"post_tag","embeddable":true,"href":"https:\/\/radiostargjilan.com\/web\/wp-json\/wp\/v2\/tags?post=46290"}],"curies":[{"name":"wp","href":"https:\/\/api.w.org\/{rel}","templated":true}]}}