{"id":47071,"date":"2019-10-26T17:33:12","date_gmt":"2019-10-26T17:33:12","guid":{"rendered":"http:\/\/radiostargjilan.com\/web\/?p=47071"},"modified":"2019-10-26T17:33:12","modified_gmt":"2019-10-26T17:33:12","slug":"mini-schengen-kosova-trajtohet-e-barabarte-me-shtetet-e-ballkanit","status":"publish","type":"post","link":"https:\/\/radiostargjilan.com\/web\/mini-schengen-kosova-trajtohet-e-barabarte-me-shtetet-e-ballkanit\/","title":{"rendered":"&#8216;Mini-Schengen&#8217;, Kosova trajtohet e barabart\u00eb me shtetet e Ballkanit"},"content":{"rendered":"<p>Iniciativa e ashtuquajtur, \u201cMini Schengen\u201d, \u00ebsht\u00eb n\u00eb p\u00ebrputhje me obligimet dhe ambiciet e vendeve t\u00eb Ballkanit drejt BE-s\u00eb.<\/p>\n<p>Ky \u00ebsht\u00eb konstatimi i Institutit EPIK q\u00eb thot\u00eb t\u00eb ket\u00eb p\u00ebrcjell\u00eb t\u00eb gjitha zhvillimet e fundit karshi k\u00ebsaj nisme, transmeton lajmi.net.<\/p>\n<p>\u201cDuke marr\u00eb p\u00ebr baz\u00eb deklarat\u00ebn e p\u00ebrbashk\u00ebt t\u00eb tre krer\u00ebve t\u00eb shteteve q\u00eb u mblodh\u00ebn m\u00eb 9 tetor 2019 n\u00eb Novi Sad t\u00eb Serbis\u00eb \u2013 Kryeministrit t\u00eb Shqip\u00ebris\u00eb, z. Edi Rama, Presidentit t\u00eb Serbis\u00eb, z. Aleksandar Vu\u00ebi\u00eb, dhe Kryeministrit t\u00eb Maqedonis\u00eb s\u00eb Veriut, z. Zoran Zaev \u2013 mund t\u00eb konstatojm\u00eb se iniciativa \u00ebsht\u00eb n\u00eb p\u00ebrputhje me obligimet dhe ambiciet e vendeve t\u00eb Ballkanit Per\u00ebndimor drejt BE-s\u00eb\u201d, thuhet n\u00eb njoftim.<\/p>\n<p>Sipas tyre, deklarata merr p\u00ebr baz\u00eb obligimet e vendeve t\u00eb Ballkanit Per\u00ebndimor drejt BE-s\u00eb:<\/p>\n<p>Marr\u00ebveshjet e Stabilizim-Asociimit t\u00eb gjasht\u00eb vendeve respektive;<\/p>\n<p>Planin Shum\u00ebvje\u00e7ar t\u00eb Veprimit p\u00ebr krijimin e Zon\u00ebs Ekonomike Rajonale, t\u00eb lansuar n\u00eb Samitin e Triestes, si pjes\u00eb e Procesit t\u00eb Berlinit;<\/p>\n<p>Marr\u00ebveshjen CEFTA;<\/p>\n<p>Komunikat\u00ebn e Komisionit Evropian \u201cNj\u00eb perspektiv\u00eb e besueshme e zgjerimit p\u00ebr nj\u00eb angazhim t\u00eb shtuar t\u00eb BE-s\u00eb me Ballkanin Per\u00ebndimor\u201d.<\/p>\n<p>Deklarata me t\u00eb drejt\u00eb njeh k\u00ebto sfidat e Ballkanit Per\u00ebndimor:<\/p>\n<p>\u2013 Bruto-Produkti Vendor (BPV) i BE-s\u00eb, me \u00e7mimet e tregut, \u00ebsht\u00eb 100 her\u00eb m\u00eb i madh se i gjasht\u00eb vendeve t\u00eb Ballkanit;<\/p>\n<p>\u2013 Niveli mesatar i papun\u00ebsis\u00eb n\u00eb BE \u00ebsht\u00eb pothuajse 3 her\u00eb m\u00eb i ul\u00ebt se n\u00eb gjasht\u00eb vendet e Ballkanit;<\/p>\n<p>\u2013 Kamion\u00ebt humbasin af\u00ebrsisht 26 milion\u00eb or\u00eb n\u00eb vit n\u00eb pik\u00ebkalimet kufitare brenda Ballkanit. Vonesat n\u00eb kufi jan\u00eb 5 her\u00eb m\u00eb t\u00eb gjata se n\u00eb BE (Banka Bot\u00ebrore).<\/p>\n<p>N\u00eb k\u00ebt\u00eb drejtim, deklarata synon t\u00eb arrij\u00eb:<\/p>\n<p>\u2013 Krijimin e tregut t\u00eb p\u00ebrbashk\u00ebt prej 20 milion\u00eb qytetar\u00ebve;<\/p>\n<p>\u2013 Eliminimin e kontrolleve kufitare dhe pengesave t\u00eb tjera t\u00eb l\u00ebvizjes s\u00eb lir\u00eb jo m\u00eb von\u00eb se n\u00eb vitin 2021;<\/p>\n<p>\u2013 L\u00ebvizjen e lir\u00eb t\u00eb qytetar\u00ebve t\u00eb Ballkanit n\u00eb rajon me kart\u00eb identiteti;<\/p>\n<p>\u2013 T\u00eb drejt\u00ebn e pun\u00ebsimit t\u00eb qytetar\u00ebve kudo n\u00eb rajon;<\/p>\n<p>\u2013 Njohjen e nd\u00ebrsjell\u00eb t\u00eb diplomave n\u00eb gjith\u00eb rajonin;<\/p>\n<p>\u2013 Ngritjen e bashk\u00ebpunimit n\u00eb luft\u00ebn kund\u00ebr krimit t\u00eb organizuar nd\u00ebrkomb\u00ebtar dhe ndihma n\u00eb rastet e katastrofave natyrore.<\/p>\n<p>Gjithashtu duhet n\u00ebnvizuar faktin q\u00eb deklarata trajton Kosov\u00ebn n\u00eb nivel t\u00eb barabart\u00eb, sikur t\u00eb gjitha vendet e tjera t\u00eb rajonit.<\/p>\n<p>N\u00eb fund, EPIK b\u00ebn nj\u00eb thirrje dhe shfaq nj\u00eb skepticiz\u00ebm:<\/p>\n<p>Duke vler\u00ebsuar iniciativ\u00ebn e nd\u00ebrmarr\u00eb nga tre lider\u00eb t\u00eb rajonit, b\u00ebjm\u00eb thirrje q\u00eb lansimi i ideve rajonale t\u00eb b\u00ebhet \u00e7do her\u00eb n\u00eb frym\u00eb t\u00eb gjith\u00ebp\u00ebrfshirjes s\u00eb t\u00eb gjitha vendeve t\u00eb rajonit, duke evituar k\u00ebshtu ndarjen e vendeve t\u00eb Ballkanit n\u00eb mes vendeve q\u00eb lansojn\u00eb<\/p>\n<p>Iniciativa t\u00eb bashk\u00ebpunimit rajonal dhe atyre q\u00eb u bashkohen atyre \u2013 gjithnj\u00eb duke n\u00ebnvizuar vullnetin e plot\u00eb t\u00eb deklaruar t\u00eb t\u00eb gjitha vendeve t\u00eb Ballkanit Per\u00ebndimor p\u00ebr bashk\u00ebpunim sa m\u00eb t\u00eb af\u00ebrt me q\u00ebllim t\u00eb forcimit t\u00eb paqes, barazis\u00eb, shtetit s\u00eb s\u00eb drejt\u00ebs dhe prosperitetit p\u00ebr brezat e tanish\u00ebm dhe t\u00eb ardhsh\u00ebm.<\/p>\n<p>Shprehim shqet\u00ebsimin p\u00ebr munges\u00ebn e vullnetit t\u00eb sinqert\u00eb politik p\u00ebr t\u00eb adresuar sfidat e identifikuara nga lider\u00ebt e vendeve t\u00eb Ballkanit Per\u00ebndimor n\u00eb kuad\u00ebr t\u00eb Procesit t\u00eb Berlinit, i cili \u00ebsht\u00eb lansuar tanim\u00eb qe pes\u00eb vite. N\u00eb k\u00ebt\u00eb drejtim, shfaqim skepticizmin ton\u00eb p\u00ebr nisjen e nj\u00eb procesi t\u00eb ri, jasht\u00eb procesit t\u00eb Berlinit, por me synimet e nj\u00ebjta. N\u00eb k\u00ebt\u00eb drejtim, nuk kemi arritur t\u00eb kuptojm\u00eb se si nj\u00eb iniciativ\u00eb e re politike, por me pjes\u00ebmarrje m\u00eb t\u00eb kufizuar politike se procesi i Berlinit, do t\u00eb arrij rezultate m\u00eb t\u00eb mira. <img loading=\"lazy\" loading=\"lazy\" decoding=\"async\" src=\"http:\/\/radiostargjilan.com\/web\/wp-content\/uploads\/2019\/10\/93DBB5A7-C2E4-4BCB-8E0C-519C1AFBA1D0.png\" alt=\"\" width=\"900\" height=\"1273\" class=\"aligncenter size-full wp-image-47072\" srcset=\"https:\/\/radiostargjilan.com\/web\/wp-content\/uploads\/2019\/10\/93DBB5A7-C2E4-4BCB-8E0C-519C1AFBA1D0.png 900w, https:\/\/radiostargjilan.com\/web\/wp-content\/uploads\/2019\/10\/93DBB5A7-C2E4-4BCB-8E0C-519C1AFBA1D0-600x849.png 600w, https:\/\/radiostargjilan.com\/web\/wp-content\/uploads\/2019\/10\/93DBB5A7-C2E4-4BCB-8E0C-519C1AFBA1D0-212x300.png 212w, https:\/\/radiostargjilan.com\/web\/wp-content\/uploads\/2019\/10\/93DBB5A7-C2E4-4BCB-8E0C-519C1AFBA1D0-768x1086.png 768w, https:\/\/radiostargjilan.com\/web\/wp-content\/uploads\/2019\/10\/93DBB5A7-C2E4-4BCB-8E0C-519C1AFBA1D0-724x1024.png 724w\" sizes=\"auto, (max-width: 900px) 100vw, 900px\" \/><\/p>\n","protected":false},"excerpt":{"rendered":"<p>Iniciativa e ashtuquajtur, \u201cMini Schengen\u201d, \u00ebsht\u00eb n\u00eb p\u00ebrputhje me obligimet dhe ambiciet e vendeve t\u00eb Ballkanit drejt BE-s\u00eb. Ky \u00ebsht\u00eb konstatimi i Institutit EPIK q\u00eb thot\u00eb t\u00eb ket\u00eb p\u00ebrcjell\u00eb t\u00eb gjitha zhvillimet e fundit karshi k\u00ebsaj nisme, transmeton lajmi.net. \u201cDuke marr\u00eb p\u00ebr baz\u00eb deklarat\u00ebn e p\u00ebrbashk\u00ebt t\u00eb tre krer\u00ebve t\u00eb shteteve q\u00eb u mblodh\u00ebn m\u00eb [&hellip;]<\/p>\n","protected":false},"author":1,"featured_media":47073,"comment_status":"closed","ping_status":"closed","sticky":false,"template":"","format":"standard","meta":{"footnotes":""},"categories":[5],"tags":[],"class_list":{"0":"post-47071","1":"post","2":"type-post","3":"status-publish","4":"format-standard","5":"has-post-thumbnail","7":"category-lajme"},"_links":{"self":[{"href":"https:\/\/radiostargjilan.com\/web\/wp-json\/wp\/v2\/posts\/47071","targetHints":{"allow":["GET"]}}],"collection":[{"href":"https:\/\/radiostargjilan.com\/web\/wp-json\/wp\/v2\/posts"}],"about":[{"href":"https:\/\/radiostargjilan.com\/web\/wp-json\/wp\/v2\/types\/post"}],"author":[{"embeddable":true,"href":"https:\/\/radiostargjilan.com\/web\/wp-json\/wp\/v2\/users\/1"}],"replies":[{"embeddable":true,"href":"https:\/\/radiostargjilan.com\/web\/wp-json\/wp\/v2\/comments?post=47071"}],"version-history":[{"count":0,"href":"https:\/\/radiostargjilan.com\/web\/wp-json\/wp\/v2\/posts\/47071\/revisions"}],"wp:featuredmedia":[{"embeddable":true,"href":"https:\/\/radiostargjilan.com\/web\/wp-json\/wp\/v2\/media\/47073"}],"wp:attachment":[{"href":"https:\/\/radiostargjilan.com\/web\/wp-json\/wp\/v2\/media?parent=47071"}],"wp:term":[{"taxonomy":"category","embeddable":true,"href":"https:\/\/radiostargjilan.com\/web\/wp-json\/wp\/v2\/categories?post=47071"},{"taxonomy":"post_tag","embeddable":true,"href":"https:\/\/radiostargjilan.com\/web\/wp-json\/wp\/v2\/tags?post=47071"}],"curies":[{"name":"wp","href":"https:\/\/api.w.org\/{rel}","templated":true}]}}