{"id":47182,"date":"2019-10-28T19:08:45","date_gmt":"2019-10-28T19:08:45","guid":{"rendered":"http:\/\/radiostargjilan.com\/web\/?p=47182"},"modified":"2019-10-28T19:08:45","modified_gmt":"2019-10-28T19:08:45","slug":"lutfi-haziri-emerohet-shef-i-ekipit-negociator-te-ldk-se-per-bisedimet-me-vetevendosjen","status":"publish","type":"post","link":"https:\/\/radiostargjilan.com\/web\/lutfi-haziri-emerohet-shef-i-ekipit-negociator-te-ldk-se-per-bisedimet-me-vetevendosjen\/","title":{"rendered":"Lutfi Haziri em\u00ebrohet shef i Ekipit Negociator t\u00eb LDK-s\u00eb p\u00ebr bisedimet me Vet\u00ebvendosjen"},"content":{"rendered":"<p>Lutfi Haziri \u00ebsht\u00eb em\u00ebruar shef i Ekipit Negociator t\u00eb LDK-s\u00eb p\u00ebr bisedimet me L\u00ebvizjen Vet\u00ebvendosje lidhur me koalicionin qeveritar.<\/p>\n<p>Em\u00ebrimi i Hazirit n\u00eb krye t\u00eb k\u00ebtij ekipi \u00ebsht\u00eb b\u00ebr\u00eb nga kryetari i k\u00ebsaj partie, Isa Mustafa, njofton Klan Kosova.<\/p>\n<p>Haziri do t\u2019i prij\u00eb negociatave nga sot e tutje, teksa grupet punuese do t\u00eb drejtohen nga krer\u00ebt e grupeve t\u00eb ekspert\u00ebve t\u00eb Lidhjes Demokratike t\u00eb Kosov\u00ebs.<\/p>\n<p>N\u00eb nd\u00ebrkoh\u00eb, sot \u00ebsht\u00eb mbajtur takimi i tret\u00eb i grupeve punuese t\u00eb L\u00ebvizjes Vet\u00ebvendosje dhe LDK-s\u00eb ku n\u00eb fokus ishte harmonizimi i programit ekonomik.<\/p>\n<p>Jan\u00eb parapar\u00eb q\u00eb t\u00eb mbahen edhe kat\u00ebr takime t\u00eb grupeve punuese ku do t\u00eb diskutohet p\u00ebr kat\u00ebr tema t\u00eb tjera \u2013 p\u00ebr drejt\u00ebsi, \u00e7\u00ebshtjet sociale, p\u00ebr arsim dhe sh\u00ebndet\u00ebsi.<\/p>\n","protected":false},"excerpt":{"rendered":"<p>Lutfi Haziri \u00ebsht\u00eb em\u00ebruar shef i Ekipit Negociator t\u00eb LDK-s\u00eb p\u00ebr bisedimet me L\u00ebvizjen Vet\u00ebvendosje lidhur me koalicionin qeveritar. Em\u00ebrimi i Hazirit n\u00eb krye t\u00eb k\u00ebtij ekipi \u00ebsht\u00eb b\u00ebr\u00eb nga kryetari i k\u00ebsaj partie, Isa Mustafa, njofton Klan Kosova. Haziri do t\u2019i prij\u00eb negociatave nga sot e tutje, teksa grupet punuese do t\u00eb drejtohen nga [&hellip;]<\/p>\n","protected":false},"author":1,"featured_media":46878,"comment_status":"closed","ping_status":"closed","sticky":false,"template":"","format":"standard","meta":{"footnotes":""},"categories":[5],"tags":[],"class_list":{"0":"post-47182","1":"post","2":"type-post","3":"status-publish","4":"format-standard","5":"has-post-thumbnail","7":"category-lajme"},"_links":{"self":[{"href":"https:\/\/radiostargjilan.com\/web\/wp-json\/wp\/v2\/posts\/47182","targetHints":{"allow":["GET"]}}],"collection":[{"href":"https:\/\/radiostargjilan.com\/web\/wp-json\/wp\/v2\/posts"}],"about":[{"href":"https:\/\/radiostargjilan.com\/web\/wp-json\/wp\/v2\/types\/post"}],"author":[{"embeddable":true,"href":"https:\/\/radiostargjilan.com\/web\/wp-json\/wp\/v2\/users\/1"}],"replies":[{"embeddable":true,"href":"https:\/\/radiostargjilan.com\/web\/wp-json\/wp\/v2\/comments?post=47182"}],"version-history":[{"count":0,"href":"https:\/\/radiostargjilan.com\/web\/wp-json\/wp\/v2\/posts\/47182\/revisions"}],"wp:featuredmedia":[{"embeddable":true,"href":"https:\/\/radiostargjilan.com\/web\/wp-json\/wp\/v2\/media\/46878"}],"wp:attachment":[{"href":"https:\/\/radiostargjilan.com\/web\/wp-json\/wp\/v2\/media?parent=47182"}],"wp:term":[{"taxonomy":"category","embeddable":true,"href":"https:\/\/radiostargjilan.com\/web\/wp-json\/wp\/v2\/categories?post=47182"},{"taxonomy":"post_tag","embeddable":true,"href":"https:\/\/radiostargjilan.com\/web\/wp-json\/wp\/v2\/tags?post=47182"}],"curies":[{"name":"wp","href":"https:\/\/api.w.org\/{rel}","templated":true}]}}