{"id":47616,"date":"2019-11-05T00:15:29","date_gmt":"2019-11-05T00:15:29","guid":{"rendered":"http:\/\/radiostargjilan.com\/web\/?p=47616"},"modified":"2019-11-05T00:15:29","modified_gmt":"2019-11-05T00:15:29","slug":"ligji-per-pagat-nuk-sjell-vetem-te-mira","status":"publish","type":"post","link":"https:\/\/radiostargjilan.com\/web\/ligji-per-pagat-nuk-sjell-vetem-te-mira\/","title":{"rendered":"Ligji p\u00ebr pagat nuk sjell vet\u00ebm \u201ct\u00eb mira\u201d"},"content":{"rendered":"<p>Rreth 23 mij\u00eb sh\u00ebrbyes civil\u00eb n\u00eb administrat\u00ebn lokale dhe qendrore t\u00eb Kosov\u00ebs, po shprehin pak\u00ebnaq\u00ebsit\u00eb e tyre lidhur m\u00eb Ligjin e ri p\u00ebr paga, i cili \u00ebsht\u00eb miratuar n\u00eb shkurt t\u00eb k\u00ebtij viti, kurse ka hyr\u00eb n\u00eb fuqi m\u00eb 2 n\u00ebntor t\u00eb k\u00ebtij viti.<\/p>\n<p>Sipas k\u00ebtij ligji, rreth 70 p\u00ebr qind e pun\u00ebtor\u00ebve n\u00eb sektorin publik nga muaji dhjetor pritet t\u2019i marrin pagat n\u00eb rritje.<\/p>\n<p>Kryetari i Sindikat\u00ebs s\u00eb Sh\u00ebrbimit Civil t\u00eb Kosov\u00ebs, Mursel Zymberi, tha p\u00ebr Radion Evropa e Lir\u00eb se sh\u00ebrbyesit civil\u00eb ndjehen t\u00eb diskriminuar dhe nuk trajtohen t\u00eb barabart\u00eb sa i p\u00ebrket nivelit t\u00eb pagave.<\/p>\n<p>Ai tha se me Ligjin e ri p\u00ebr pagat,sh\u00ebrbyesit civil\u00eb mbesin n\u00eb koeficientin shum\u00eb t\u00eb ul\u00ebt, respektivisht rritje t\u00eb vog\u00ebl t\u00eb pagave. Ai k\u00ebrkon q\u00eb sh\u00ebrbyesit civil\u00eb t\u00eb sistemohen mbi baz\u00ebn e kontributeve t\u00eb pun\u00ebs dhe pozit\u00ebs q\u00eb kan\u00eb n\u00eb vend t\u00eb pun\u00ebs.<\/p>\n<p>\u201cPak\u00ebnaq\u00ebsit\u00eb e sh\u00ebrbyesve civil\u00eb kan\u00eb filluar t\u00eb shprehen, por fillimi i pranimit t\u00eb pagave do t\u00eb manifestoj\u00eb me nj\u00eb pak\u00ebnaq\u00ebsi shum\u00eb t\u00eb madhe, sepse dihet dallimi i madh i pagave n\u00eb mes sh\u00ebrbyesve publik\u00eb n\u00eb p\u00ebrgjith\u00ebsi. Ata jan\u00eb t\u00eb pak\u00ebnaqur, sepse n\u00eb kuad\u00ebr t\u00eb sh\u00ebrbimit civil ka shum\u00eb sektor\u00eb q\u00eb b\u00ebjn\u00eb pun\u00eb profesionale dhe mbi baz\u00ebn e Ligjit t\u00eb profesioneve ata do t\u00eb duhet t\u00eb paguhen sikur sektori tjet\u00ebr i sh\u00ebndet\u00ebsis\u00eb dhe i arsimit\u201d, tha Zymberi p\u00ebr Radion Evropa e Lir\u00eb.<\/p>\n<p>Paga mesatare e sh\u00ebrbyesve civil\u00eb n\u00eb Kosov\u00eb, sipas Zymberit, \u00ebsht\u00eb 370 euro n\u00eb muaj, kurse me ligjin e ri, disa nga sh\u00ebrbyesit civil\u00eb pagat mund t\u00eb marrin nj\u00eb rritje p\u00ebr 40 euro n\u00eb muaj.<\/p>\n<p>Kjo sindikat\u00eb edhe para n\u00ebnshkrimit t\u00eb Ligjit p\u00ebr pagat, m\u00eb 2 shkurt t\u00eb k\u00ebtij viti, ka mbajtur disa greva, nd\u00ebrkoh\u00eb q\u00eb kishte k\u00ebrkuar nga presidenti i Kosov\u00ebs, Hashim Tha\u00e7i, q\u00eb t\u00eb mos e ratifikoj\u00eb Ligjin p\u00ebr paga.<\/p>\n<p>Sipas Ligjit t\u00eb ri, paga mujore m\u00eb e ul\u00ebta \u00ebsht\u00eb ajo e sht\u00ebpiakut prej 322 euro, 621 euro \u00ebsht\u00eb paga e m\u00ebsimdh\u00ebn\u00ebsve t\u00eb shkoll\u00ebs se mesme, profesori i universitetit do t\u00eb marr\u00eb 1 505 euro, kryeprokurori 1 912 euro, kryeministri 2151 dhe presidenti i Kosov\u00ebs nga muaji dhjetor do t\u00eb marr\u00eb pag\u00ebn mujore n\u00eb vler\u00eb prej 2390 eurosh.<\/p>\n<p>K\u00ebshtu paraqiten pagat baz\u00eb dhe nuk p\u00ebrfshihen kompensimet shtes\u00eb, si puna jasht\u00eb orarit ose rrezikshm\u00ebria.<\/p>\n<p>Sipas ligjit t\u00eb ri, paga baz\u00eb \u00ebsht\u00eb ajo pjes\u00eb e pag\u00ebs, q\u00eb p\u00ebrfitohet p\u00ebr pun\u00ebn e kryer me orar t\u00eb plot\u00eb t\u00eb nj\u00eb funksioni apo pozite t\u00eb caktuar. Vlera e pag\u00ebs baz\u00eb llogaritet duke shum\u00ebzuar koeficientin e klas\u00ebs s\u00eb pag\u00ebs me vler\u00ebn monetare t\u00eb koeficientit. Raporti i koeficienteve \u00ebsht\u00eb nj\u00eb me dhjet\u00eb (1:10), t\u00eb shp\u00ebrndar\u00eb n\u00eb gjasht\u00ebdhjet\u00eb e n\u00ebnt\u00eb (69) nivele t\u00eb koeficient\u00ebve, shkruan REL<\/p>\n","protected":false},"excerpt":{"rendered":"<p>Rreth 23 mij\u00eb sh\u00ebrbyes civil\u00eb n\u00eb administrat\u00ebn lokale dhe qendrore t\u00eb Kosov\u00ebs, po shprehin pak\u00ebnaq\u00ebsit\u00eb e tyre lidhur m\u00eb Ligjin e ri p\u00ebr paga, i cili \u00ebsht\u00eb miratuar n\u00eb shkurt t\u00eb k\u00ebtij viti, kurse ka hyr\u00eb n\u00eb fuqi m\u00eb 2 n\u00ebntor t\u00eb k\u00ebtij viti. Sipas k\u00ebtij ligji, rreth 70 p\u00ebr qind e pun\u00ebtor\u00ebve n\u00eb sektorin [&hellip;]<\/p>\n","protected":false},"author":1,"featured_media":47377,"comment_status":"closed","ping_status":"closed","sticky":false,"template":"","format":"standard","meta":{"footnotes":""},"categories":[5],"tags":[],"class_list":{"0":"post-47616","1":"post","2":"type-post","3":"status-publish","4":"format-standard","5":"has-post-thumbnail","7":"category-lajme"},"_links":{"self":[{"href":"https:\/\/radiostargjilan.com\/web\/wp-json\/wp\/v2\/posts\/47616","targetHints":{"allow":["GET"]}}],"collection":[{"href":"https:\/\/radiostargjilan.com\/web\/wp-json\/wp\/v2\/posts"}],"about":[{"href":"https:\/\/radiostargjilan.com\/web\/wp-json\/wp\/v2\/types\/post"}],"author":[{"embeddable":true,"href":"https:\/\/radiostargjilan.com\/web\/wp-json\/wp\/v2\/users\/1"}],"replies":[{"embeddable":true,"href":"https:\/\/radiostargjilan.com\/web\/wp-json\/wp\/v2\/comments?post=47616"}],"version-history":[{"count":0,"href":"https:\/\/radiostargjilan.com\/web\/wp-json\/wp\/v2\/posts\/47616\/revisions"}],"wp:featuredmedia":[{"embeddable":true,"href":"https:\/\/radiostargjilan.com\/web\/wp-json\/wp\/v2\/media\/47377"}],"wp:attachment":[{"href":"https:\/\/radiostargjilan.com\/web\/wp-json\/wp\/v2\/media?parent=47616"}],"wp:term":[{"taxonomy":"category","embeddable":true,"href":"https:\/\/radiostargjilan.com\/web\/wp-json\/wp\/v2\/categories?post=47616"},{"taxonomy":"post_tag","embeddable":true,"href":"https:\/\/radiostargjilan.com\/web\/wp-json\/wp\/v2\/tags?post=47616"}],"curies":[{"name":"wp","href":"https:\/\/api.w.org\/{rel}","templated":true}]}}