{"id":47621,"date":"2019-11-05T00:26:13","date_gmt":"2019-11-05T00:26:13","guid":{"rendered":"http:\/\/radiostargjilan.com\/web\/?p=47621"},"modified":"2019-11-05T00:26:13","modified_gmt":"2019-11-05T00:26:13","slug":"haziri-po-shkojme-ne-resurset-e-fundit-te-ujit-reduktimet-shkojne-deri-ne-14-ore-ne-disa-lagje","status":"publish","type":"post","link":"https:\/\/radiostargjilan.com\/web\/haziri-po-shkojme-ne-resurset-e-fundit-te-ujit-reduktimet-shkojne-deri-ne-14-ore-ne-disa-lagje\/","title":{"rendered":"Haziri: Po shkojm\u00eb n\u00eb resurset e fundit t\u00eb ujit, reduktimet shkojn\u00eb deri n\u00eb 14 or\u00eb n\u00eb disa lagje"},"content":{"rendered":"<p>Kryetari i Komun\u00ebs s\u00eb Gjilanit, Lutfi Haziri, ka folur p\u00ebr munges\u00ebn e ujit dhe reduktimet n\u00eb k\u00ebt\u00eb komun\u00eb.<\/p>\n<p>Ai n\u00eb Interaktiv t\u00eb KTV-s\u00eb ka th\u00ebn\u00eb se me koh\u00eb kan\u00eb marr\u00eb t\u00eb gjitha veprimet ligjore, duke punuar n\u00eb grupe punuese.<\/p>\n<p>Ai tutje ka shtuar se ka lagje n\u00eb Gjilan, n\u00eb t\u00eb cilat reduktimet e ujit shkojn\u00eb deri n\u00eb 14 or\u00eb.<\/p>\n<p>\u201cMe koh\u00eb kemi marr\u00eb veprimet ligjore, nga gushti kemi b\u00ebr\u00eb grupin punues p\u00ebr \u00e7\u00ebshtjen e munges\u00ebs s\u00eb ujit. Ka lagje t\u00eb cilat shkojn\u00eb deri n\u00eb 14 or\u00eb pa uj\u00eb. Po shkojm\u00eb n\u00eb resurset e fundit t\u00eb ujit. Po shpresojn\u00eb n\u00eb shira, ne kemi miratuar edhe planin kontingjent p\u00ebr that\u00ebsira\u201d, ka th\u00ebn\u00eb ai.<\/p>\n<p>Haziri ka th\u00ebn\u00eb se n\u00eb parime ditore n\u00eb pes\u00eb jav\u00ebt e fundit nuk \u00ebsht\u00eb marr\u00eb me problemet e ujit, duke shtuar se p\u00ebr p\u00ebrkujdesje dhe angazhim nuk ka munguar asgj\u00eb.<\/p>\n<p>Ai ka th\u00ebn\u00eb se kan\u00eb kontaktuar donator\u00ebt e m\u00ebdhenj si Banka Bot\u00ebrore.<\/p>\n<p>\u201cMund t\u00eb ket\u00eb z\u00ebra q\u00eb menaxhimi nga komuna duhet t\u00eb jet\u00eb m\u00eb agresiv, por p\u00ebr p\u00ebrkujdesje s\u2019ka mbet asgj\u00eb. That\u00ebsia \u00ebsht\u00eb di\u00e7ka q\u00eb na ka goditur koh\u00ebve t\u00eb fundit. Nuk \u00ebsht\u00eb vet\u00ebm Anamorava e prekur, por krejt Kosova. Po hym\u00eb n\u00eb nj\u00eb cik\u00ebl t\u00eb reduktimeve t\u00eb ujit\u201d, ka th\u00ebn\u00eb ai.<\/p>\n","protected":false},"excerpt":{"rendered":"<p>Kryetari i Komun\u00ebs s\u00eb Gjilanit, Lutfi Haziri, ka folur p\u00ebr munges\u00ebn e ujit dhe reduktimet n\u00eb k\u00ebt\u00eb komun\u00eb. Ai n\u00eb Interaktiv t\u00eb KTV-s\u00eb ka th\u00ebn\u00eb se me koh\u00eb kan\u00eb marr\u00eb t\u00eb gjitha veprimet ligjore, duke punuar n\u00eb grupe punuese. Ai tutje ka shtuar se ka lagje n\u00eb Gjilan, n\u00eb t\u00eb cilat reduktimet e ujit shkojn\u00eb [&hellip;]<\/p>\n","protected":false},"author":1,"featured_media":47622,"comment_status":"closed","ping_status":"closed","sticky":false,"template":"","format":"standard","meta":{"footnotes":""},"categories":[5],"tags":[],"class_list":{"0":"post-47621","1":"post","2":"type-post","3":"status-publish","4":"format-standard","5":"has-post-thumbnail","7":"category-lajme"},"_links":{"self":[{"href":"https:\/\/radiostargjilan.com\/web\/wp-json\/wp\/v2\/posts\/47621","targetHints":{"allow":["GET"]}}],"collection":[{"href":"https:\/\/radiostargjilan.com\/web\/wp-json\/wp\/v2\/posts"}],"about":[{"href":"https:\/\/radiostargjilan.com\/web\/wp-json\/wp\/v2\/types\/post"}],"author":[{"embeddable":true,"href":"https:\/\/radiostargjilan.com\/web\/wp-json\/wp\/v2\/users\/1"}],"replies":[{"embeddable":true,"href":"https:\/\/radiostargjilan.com\/web\/wp-json\/wp\/v2\/comments?post=47621"}],"version-history":[{"count":0,"href":"https:\/\/radiostargjilan.com\/web\/wp-json\/wp\/v2\/posts\/47621\/revisions"}],"wp:featuredmedia":[{"embeddable":true,"href":"https:\/\/radiostargjilan.com\/web\/wp-json\/wp\/v2\/media\/47622"}],"wp:attachment":[{"href":"https:\/\/radiostargjilan.com\/web\/wp-json\/wp\/v2\/media?parent=47621"}],"wp:term":[{"taxonomy":"category","embeddable":true,"href":"https:\/\/radiostargjilan.com\/web\/wp-json\/wp\/v2\/categories?post=47621"},{"taxonomy":"post_tag","embeddable":true,"href":"https:\/\/radiostargjilan.com\/web\/wp-json\/wp\/v2\/tags?post=47621"}],"curies":[{"name":"wp","href":"https:\/\/api.w.org\/{rel}","templated":true}]}}