{"id":47624,"date":"2019-11-05T09:06:52","date_gmt":"2019-11-05T09:06:52","guid":{"rendered":"http:\/\/radiostargjilan.com\/web\/?p=47624"},"modified":"2019-11-05T09:06:52","modified_gmt":"2019-11-05T09:06:52","slug":"lutfi-haziri-tregon-se-cka-u-moren-vesh-me-vv-ne","status":"publish","type":"post","link":"https:\/\/radiostargjilan.com\/web\/lutfi-haziri-tregon-se-cka-u-moren-vesh-me-vv-ne\/","title":{"rendered":"Lutfi Haziri tregon se \u00e7ka u mor\u00ebn vesh me VV-n\u00eb"},"content":{"rendered":"<p>Pazaret me LDK\u2019s\u00eb dhe VV\u2019s\u00eb p\u00ebr ndarjen e pozitave duket se po i vjen fundi, pasi q\u00eb deri tani p\u00ebr shumic\u00ebn e tyre jan\u00eb marr\u00eb vesh, por ka mbetur vet\u00ebm pozita e Presidentit<\/p>\n<p>Pozita e Presidentit n\u00eb koalicionin VV-LDK do t\u2019i takon Lidhjes Demokratike t\u00eb Kosov\u00ebs, pasi kjo ka l\u00ebshuar pe p\u00ebr pozit\u00ebn e Kryeministrit, duke deklaruar se kush merr nj\u00eb vot\u00eb m\u00eb shum\u00eb nga dy partit\u00eb i takon ajo pozit\u00eb.<\/p>\n<p>N\u00ebnkryetari i LDK\u2019s\u00eb, Lutfi Haziri ka deklaruar dit\u00eb m\u00eb par\u00eb se pozita e Presidentit do t\u2019i takon Isa Mustaf\u00ebs dhe do t\u00eb jet\u00eb pasues i Hashim Tha\u00e7it n\u00eb vitin 2021.<\/p>\n<p>\u201cIsa Mustafa i plot\u00ebson t\u00eb gjitha kushtet p\u00ebr t\u00eb qen\u00eb President i Kosov\u00ebs\u201d, ka th\u00ebn\u00eb Haziri dit\u00eb m\u00eb par\u00eb n\u00eb RTV Dukagjini.<\/p>\n<p>Por, Haziri tani ka zbuluar se kan\u00eb r\u00ebn\u00eb dakord me L\u00ebvizjen Vet\u00ebvendosje q\u00eb p\u00ebr pozit\u00ebn e Presidentit t\u00eb flasin n\u00eb takime e radh\u00ebs, vet\u00ebm se k\u00ebt\u00eb her\u00eb nuk ka p\u00ebrmendur emra sikurse her\u00ebn e kaluar.<\/p>\n<p>\u201cNe kemi th\u00ebn\u00eb q\u00eb Qeveria do t\u00eb ket\u00eb 12 ministri, pozita e kuvendit, pozita e presidentit jan\u00eb tema q\u00eb do t\u00eb diskutohen n\u00eb takime tjera. Ne jemi marr\u00eb vesh q\u00eb edhe p\u00ebr pozit\u00ebn e presidentit me bisedu, por kjo do t\u00eb bisedohet brenda. Meqen\u00ebse ende nuk \u00ebsht\u00eb diskutuar, po e l\u00eb t\u00eb hapur. Besoj q\u00eb do t\u00eb duhej q\u00eb kjo t\u00eb ishte nj\u00ebra nga \u00e7\u00ebshtjet q\u00eb duhet t\u00eb diskutohet\u201d, ka th\u00ebn\u00eb Haziri n\u00eb Interaktiv.<\/p>\n<p>Haziri ka folur edhe p\u00ebr deklaratat e tij gjat\u00eb fushat\u00ebs, duke th\u00ebn\u00eb se n\u00eb asnj\u00eb moment nuk e ka ofenduar Vet\u00ebvendosjen e as liderin e saj Albin Kurti.<\/p>\n","protected":false},"excerpt":{"rendered":"<p>Pazaret me LDK\u2019s\u00eb dhe VV\u2019s\u00eb p\u00ebr ndarjen e pozitave duket se po i vjen fundi, pasi q\u00eb deri tani p\u00ebr shumic\u00ebn e tyre jan\u00eb marr\u00eb vesh, por ka mbetur vet\u00ebm pozita e Presidentit Pozita e Presidentit n\u00eb koalicionin VV-LDK do t\u2019i takon Lidhjes Demokratike t\u00eb Kosov\u00ebs, pasi kjo ka l\u00ebshuar pe p\u00ebr pozit\u00ebn e Kryeministrit, [&hellip;]<\/p>\n","protected":false},"author":1,"featured_media":46878,"comment_status":"closed","ping_status":"closed","sticky":false,"template":"","format":"standard","meta":{"footnotes":""},"categories":[5],"tags":[],"class_list":{"0":"post-47624","1":"post","2":"type-post","3":"status-publish","4":"format-standard","5":"has-post-thumbnail","7":"category-lajme"},"_links":{"self":[{"href":"https:\/\/radiostargjilan.com\/web\/wp-json\/wp\/v2\/posts\/47624","targetHints":{"allow":["GET"]}}],"collection":[{"href":"https:\/\/radiostargjilan.com\/web\/wp-json\/wp\/v2\/posts"}],"about":[{"href":"https:\/\/radiostargjilan.com\/web\/wp-json\/wp\/v2\/types\/post"}],"author":[{"embeddable":true,"href":"https:\/\/radiostargjilan.com\/web\/wp-json\/wp\/v2\/users\/1"}],"replies":[{"embeddable":true,"href":"https:\/\/radiostargjilan.com\/web\/wp-json\/wp\/v2\/comments?post=47624"}],"version-history":[{"count":0,"href":"https:\/\/radiostargjilan.com\/web\/wp-json\/wp\/v2\/posts\/47624\/revisions"}],"wp:featuredmedia":[{"embeddable":true,"href":"https:\/\/radiostargjilan.com\/web\/wp-json\/wp\/v2\/media\/46878"}],"wp:attachment":[{"href":"https:\/\/radiostargjilan.com\/web\/wp-json\/wp\/v2\/media?parent=47624"}],"wp:term":[{"taxonomy":"category","embeddable":true,"href":"https:\/\/radiostargjilan.com\/web\/wp-json\/wp\/v2\/categories?post=47624"},{"taxonomy":"post_tag","embeddable":true,"href":"https:\/\/radiostargjilan.com\/web\/wp-json\/wp\/v2\/tags?post=47624"}],"curies":[{"name":"wp","href":"https:\/\/api.w.org\/{rel}","templated":true}]}}