{"id":47626,"date":"2019-11-05T09:25:22","date_gmt":"2019-11-05T09:25:22","guid":{"rendered":"http:\/\/radiostargjilan.com\/web\/?p=47626"},"modified":"2019-11-05T09:25:22","modified_gmt":"2019-11-05T09:25:22","slug":"tri-vite-nga-vdekja-e-mistershme-e-astrit-deharit-te-gjitha-aktivitet-qe-do-te-mbahen-ne-kujtim-te-tij","status":"publish","type":"post","link":"https:\/\/radiostargjilan.com\/web\/tri-vite-nga-vdekja-e-mistershme-e-astrit-deharit-te-gjitha-aktivitet-qe-do-te-mbahen-ne-kujtim-te-tij\/","title":{"rendered":"Tri vite nga vdekja e mistershme e Astrit Deharit, t\u00eb gjitha aktivitet q\u00eb do t\u00eb mbahen n\u00eb kujtim t\u00eb tij"},"content":{"rendered":"<p>M\u00eb 5 n\u00ebntor 2016, n\u00eb Qendr\u00ebn e Paraburgimit n\u00eb Prizren, n\u00eb rrethana ende t\u00eb pasqaruara deri m\u00eb sot, vdiq aktivisti i L\u00ebvizjes Vet\u00ebvendosje, Astrit Dehari.<\/p>\n<p>Publikimi i t\u00eb gjeturave t\u00eb raportit t\u00eb ekspert\u00ebve t\u00eb mjek\u00ebsis\u00eb ligjore nga Qendra Universitare Romande p\u00ebr Mjek\u00ebsi Ligjore n\u00eb Lozan\u00eb (CURML) t\u00eb Zvicr\u00ebs i ka dh\u00ebn\u00eb t\u00eb drejt\u00eb k\u00ebrkes\u00ebs s\u00eb familjes Dehari p\u00ebr hetim t\u00eb ri mbi rrethanat dhe shkaqet e vdekjes s\u00eb Astrit Deharit.<\/p>\n<p>Raporti shprehimisht rr\u00ebzon hipotez\u00ebn e ngritur p\u00ebr vet\u00ebvrasje nga Prokurori i rastit dhe b\u00ebn thirrje p\u00ebr hetim t\u00eb ri duke p\u00ebrfshir\u00eb hetimin e mund\u00ebsis\u00eb s\u00eb p\u00ebrfshirjes s\u00eb personave t\u00eb tjer\u00eb n\u00eb vrasjen e tij.<\/p>\n<p>Sot n\u00eb trevjetorin e vdekjes s\u00eb tij, duke filluar nga ora 12:00 n\u00eb sheshin \u201cSk\u00ebnderbeu\u201d fillon marshi me moton \u201cNj\u00eb popull p\u00ebr drejt\u00ebsi\u201d.<\/p>\n<p>K\u00ebrkesat e marshit p\u00ebr drejt\u00ebsi drejtuar institucioneve t\u00eb Kosov\u00eb jan\u00eb: Shkarkimi dhe hetimi i t\u00eb gjith\u00eb personave p\u00ebrgjegj\u00ebs n\u00eb gjith\u00eb zinxhirin institucional nga Qeveria, Policia, Drejtoria e Burgjeve, Prokuroria dhe Departamenti i Mjek\u00ebsis\u00eb Ligjore; dhe fillimi i menj\u00ebhersh\u00ebm i nj\u00eb hetimi t\u00eb ri kredibil, transparent, t\u00eb pavarur dhe profesional mbi rrethanat dhe shkaqet e vdekjes s\u00eb Astrit Deharit, si dhe hetimin e rrethanave t\u00eb vdekjes s\u00eb d\u00ebshmitarit kryesor t\u00eb rastit, shokut t\u00eb tij t\u00eb dhom\u00ebs n\u00eb Qendr\u00ebn e Paraburgimit n\u00eb Prizren, Naser Makolli.<\/p>\n<p>Marshi \u201cNj\u00eb popull p\u00ebr drejt\u00ebsi\u201d ka gjetur mb\u00ebshtetjen e shoq\u00ebris\u00eb civile, personave publik\u00eb dhe shum\u00eb organizatave politike.<\/p>\n<p>Ve\u00e7 marshit, n\u00eb trevjetorin e vdekjes s\u00eb Astritit do t\u00eb mbahen edhe k\u00ebto aktivitete:<\/p>\n<p>09:00 \u2013 Homazhe te varri i Astritit<\/p>\n<p>10:00 \u2013 Drejtorit\u00eb e Sh\u00ebndet\u00ebsis\u00eb ne Prizren, Mitrovic\u00eb dhe Vushtrri, ofrojn\u00eb sh\u00ebrbime mjek\u00ebsore te familjet e varf\u00ebra p\u00ebr nder t\u00eb p\u00ebrvjetorit t\u00eb Astrit Deharit.<\/p>\n<p>12:00 \u2013 Marshi \u201cNj\u00eb popull p\u00ebr Drejt\u00ebsi\u201d<\/p>\n<p>14:00 \u2013 N\u00eb Prizren mbahet aktivitet p\u00ebrkujtimor te murali i aktivistit Astrit Deharit, te nd\u00ebrtesa e Drejtoris\u00eb s\u00eb Financave. Do t\u00eb ndezim qirinj dhe vendosim kurora lulesh nga ora 14:00, deri n\u00eb or\u00ebn 15:00, n\u00eb koh\u00ebn kur edhe ka ndodhur vrasja e Astritit n\u00eb burgun e Prizrenit.<\/p>\n<p>14:00 \u2013 Dhurimi i gjakut \u2013 N\u00eb selin\u00eb qendrore t\u00eb L\u00ebvizjes VET\u00cbVENDOSJE! (rr.Kas\u00ebm Haxhimurati, Prishtin\u00eb), vendoset nj\u00eb ekip mobil i transfuzionit t\u00eb gjakut, p\u00ebr te gjith\u00eb ata\/ato q\u00eb jan\u00eb t\u00eb interesuar t\u00eb dhurojn\u00eb gjak n\u00eb menyr\u00eb vullnetare, si shenj\u00eb solidarizimi p\u00ebr k\u00ebt\u00eb dit\u00eb p\u00ebrkujtimore.<\/p>\n","protected":false},"excerpt":{"rendered":"<p>M\u00eb 5 n\u00ebntor 2016, n\u00eb Qendr\u00ebn e Paraburgimit n\u00eb Prizren, n\u00eb rrethana ende t\u00eb pasqaruara deri m\u00eb sot, vdiq aktivisti i L\u00ebvizjes Vet\u00ebvendosje, Astrit Dehari. Publikimi i t\u00eb gjeturave t\u00eb raportit t\u00eb ekspert\u00ebve t\u00eb mjek\u00ebsis\u00eb ligjore nga Qendra Universitare Romande p\u00ebr Mjek\u00ebsi Ligjore n\u00eb Lozan\u00eb (CURML) t\u00eb Zvicr\u00ebs i ka dh\u00ebn\u00eb t\u00eb drejt\u00eb k\u00ebrkes\u00ebs s\u00eb [&hellip;]<\/p>\n","protected":false},"author":1,"featured_media":46998,"comment_status":"closed","ping_status":"closed","sticky":false,"template":"","format":"standard","meta":{"footnotes":""},"categories":[5],"tags":[],"class_list":{"0":"post-47626","1":"post","2":"type-post","3":"status-publish","4":"format-standard","5":"has-post-thumbnail","7":"category-lajme"},"_links":{"self":[{"href":"https:\/\/radiostargjilan.com\/web\/wp-json\/wp\/v2\/posts\/47626","targetHints":{"allow":["GET"]}}],"collection":[{"href":"https:\/\/radiostargjilan.com\/web\/wp-json\/wp\/v2\/posts"}],"about":[{"href":"https:\/\/radiostargjilan.com\/web\/wp-json\/wp\/v2\/types\/post"}],"author":[{"embeddable":true,"href":"https:\/\/radiostargjilan.com\/web\/wp-json\/wp\/v2\/users\/1"}],"replies":[{"embeddable":true,"href":"https:\/\/radiostargjilan.com\/web\/wp-json\/wp\/v2\/comments?post=47626"}],"version-history":[{"count":0,"href":"https:\/\/radiostargjilan.com\/web\/wp-json\/wp\/v2\/posts\/47626\/revisions"}],"wp:featuredmedia":[{"embeddable":true,"href":"https:\/\/radiostargjilan.com\/web\/wp-json\/wp\/v2\/media\/46998"}],"wp:attachment":[{"href":"https:\/\/radiostargjilan.com\/web\/wp-json\/wp\/v2\/media?parent=47626"}],"wp:term":[{"taxonomy":"category","embeddable":true,"href":"https:\/\/radiostargjilan.com\/web\/wp-json\/wp\/v2\/categories?post=47626"},{"taxonomy":"post_tag","embeddable":true,"href":"https:\/\/radiostargjilan.com\/web\/wp-json\/wp\/v2\/tags?post=47626"}],"curies":[{"name":"wp","href":"https:\/\/api.w.org\/{rel}","templated":true}]}}