{"id":47678,"date":"2019-11-06T09:43:34","date_gmt":"2019-11-06T09:43:34","guid":{"rendered":"http:\/\/radiostargjilan.com\/web\/?p=47678"},"modified":"2019-11-06T09:43:34","modified_gmt":"2019-11-06T09:43:34","slug":"paralajmeron-syle-tahirsylaj-bora-e-pare-do-te-bjere-ne-kete-dite","status":"publish","type":"post","link":"https:\/\/radiostargjilan.com\/web\/paralajmeron-syle-tahirsylaj-bora-e-pare-do-te-bjere-ne-kete-dite\/","title":{"rendered":"Paralajm\u00ebron Syl\u00eb Tahirsylaj: Bora e par\u00eb do t\u00eb bjer\u00eb n\u00eb k\u00ebt\u00eb dit\u00eb"},"content":{"rendered":"<p>Eksperti i meteorologjis\u00eb dhe profesori universitar, Syl\u00eb Tahirsylaj, ka b\u00ebr\u00eb t\u00eb ditur s\u00eb nga java e tret\u00eb e k\u00ebtij muaji pritet t\u00eb ket\u00eb ndryshime t\u00eb motit.<\/p>\n<p>Tahirsylaj tha se pas dy jav\u00ebsh pritet t\u00eb bjer\u00eb edhe bora e par\u00eb n\u00eb Kosov\u00eb, duke mohuar se do t\u00eb ket\u00eb reshje intensive.<\/p>\n<p>\u201cM\u00eb 19 n\u00ebntor pritet t\u00eb jen\u00eb reshjet e para t\u00eb bor\u00ebs por jan\u00eb reshje alternative. Do t\u00eb jen\u00eb t\u00eb q\u00ebndrueshme nj\u00eb deri n\u00eb dy dit\u00eb dhe do t\u00eb shkrihet\u201d, u shpreh ai.<\/p>\n<p>P\u00ebr dallim nga stina e dimrit n\u00eb t\u00eb kaluar\u00ebn, n\u00eb k\u00ebt\u00eb vit pritet t\u00eb ket\u00eb temperatura m\u00eb t\u00eb ul\u00ebta, q\u00eb sipas meteorologut Tahirsylaj ato pritet t\u00eb zbresin deri n\u00eb -20 grad\u00eb celsius.<\/p>\n<p>\u201cReshje intensive t\u00eb bor\u00ebs dhe shiut do t\u00eb k\u00ebt\u00eb n\u00eb stin\u00ebn e dimrit ku temperatura m\u00eb e ul\u00ebt pritet t\u00eb jet\u00eb diku deri n\u00eb -20C\u201d, tha ai.<\/p>\n<p>Ndryshe, stina e dimrit fillon m\u00eb 22 dhjetor dhe mbaron m\u00eb 20 mars.<\/p>\n","protected":false},"excerpt":{"rendered":"<p>Eksperti i meteorologjis\u00eb dhe profesori universitar, Syl\u00eb Tahirsylaj, ka b\u00ebr\u00eb t\u00eb ditur s\u00eb nga java e tret\u00eb e k\u00ebtij muaji pritet t\u00eb ket\u00eb ndryshime t\u00eb motit. Tahirsylaj tha se pas dy jav\u00ebsh pritet t\u00eb bjer\u00eb edhe bora e par\u00eb n\u00eb Kosov\u00eb, duke mohuar se do t\u00eb ket\u00eb reshje intensive. \u201cM\u00eb 19 n\u00ebntor pritet t\u00eb jen\u00eb [&hellip;]<\/p>\n","protected":false},"author":1,"featured_media":47520,"comment_status":"closed","ping_status":"closed","sticky":false,"template":"","format":"standard","meta":{"footnotes":""},"categories":[5],"tags":[],"class_list":{"0":"post-47678","1":"post","2":"type-post","3":"status-publish","4":"format-standard","5":"has-post-thumbnail","7":"category-lajme"},"_links":{"self":[{"href":"https:\/\/radiostargjilan.com\/web\/wp-json\/wp\/v2\/posts\/47678","targetHints":{"allow":["GET"]}}],"collection":[{"href":"https:\/\/radiostargjilan.com\/web\/wp-json\/wp\/v2\/posts"}],"about":[{"href":"https:\/\/radiostargjilan.com\/web\/wp-json\/wp\/v2\/types\/post"}],"author":[{"embeddable":true,"href":"https:\/\/radiostargjilan.com\/web\/wp-json\/wp\/v2\/users\/1"}],"replies":[{"embeddable":true,"href":"https:\/\/radiostargjilan.com\/web\/wp-json\/wp\/v2\/comments?post=47678"}],"version-history":[{"count":0,"href":"https:\/\/radiostargjilan.com\/web\/wp-json\/wp\/v2\/posts\/47678\/revisions"}],"wp:featuredmedia":[{"embeddable":true,"href":"https:\/\/radiostargjilan.com\/web\/wp-json\/wp\/v2\/media\/47520"}],"wp:attachment":[{"href":"https:\/\/radiostargjilan.com\/web\/wp-json\/wp\/v2\/media?parent=47678"}],"wp:term":[{"taxonomy":"category","embeddable":true,"href":"https:\/\/radiostargjilan.com\/web\/wp-json\/wp\/v2\/categories?post=47678"},{"taxonomy":"post_tag","embeddable":true,"href":"https:\/\/radiostargjilan.com\/web\/wp-json\/wp\/v2\/tags?post=47678"}],"curies":[{"name":"wp","href":"https:\/\/api.w.org\/{rel}","templated":true}]}}