{"id":47929,"date":"2019-11-10T01:17:20","date_gmt":"2019-11-10T01:17:20","guid":{"rendered":"http:\/\/radiostargjilan.com\/web\/?p=47929"},"modified":"2019-11-10T01:17:20","modified_gmt":"2019-11-10T01:17:20","slug":"ldk-dhe-vv-nuk-duhet-ta-fusin-ne-pazar-edhe-postin-e-presidentit","status":"publish","type":"post","link":"https:\/\/radiostargjilan.com\/web\/ldk-dhe-vv-nuk-duhet-ta-fusin-ne-pazar-edhe-postin-e-presidentit\/","title":{"rendered":"\u201cLDK dhe VV nuk duhet ta fusin n\u00eb pazar edhe postin e Presidentit\u201d"},"content":{"rendered":"<p>Negocimin e postit t\u00eb presidentit nga L\u00ebvizja Vet\u00ebvendosje dhe Lidhja Demokratike e Kosov\u00ebs q\u00eb po pretendojn\u00eb t\u00eb formojn\u00eb koalicionin e ardhsh\u00ebm qeveris\u00ebs, shoq\u00ebria civile po e konsideron si t\u00eb gabuar dhe jo parimor. Teksa k\u00ebto dy t\u00eb parat thon\u00eb se ende nuk kan\u00eb folur p\u00ebr t\u00eb parin e vendit, por pa e mohuar se do t\u00eb merren vesh p\u00ebr k\u00ebt\u00eb \u00e7\u00ebshtje, VV k\u00ebrkon t\u00eb dij\u00eb sa \u00ebsht\u00eb baraspesha e k\u00ebsaj pozite nga radh\u00ebt e LDK-s\u00eb.<\/p>\n<p>N\u00eb lidhje m\u00eb k\u00ebt\u00eb, n\u00ebnkryetari i VV-s\u00eb, Besnik Bislimi thot\u00eb se mund t\u00eb diskutohet p\u00ebr k\u00ebt\u00eb \u00e7\u00ebshtje me LDK-n\u00eb p\u00ebr t\u00eb evituar mund\u00ebsin\u00eb e ndonj\u00eb krize politike n\u00eb vitin 2021.<\/p>\n<p>\u201cP\u00ebr hir t\u00eb stabilitetit politik \u00ebsht\u00eb mir\u00eb q\u00eb t\u00eb ket\u00eb nj\u00eb pajtim edhe p\u00ebr postin e presidentit. P\u00ebr arsye se mund t\u00eb nxjerr nj\u00eb kriz\u00eb politike sepse n\u00ebse presidenti nuk zgjidhet p\u00ebr tri raunde vendi mund t\u00eb shkoj\u00eb n\u00eb zgjedhje. P\u00ebr me evituar k\u00ebt\u00eb \u00ebsht\u00eb mir\u00eb me u pajtu. N\u00eb princip un\u00eb nuk e kam problem n\u00ebse LDK insiston q\u00eb kjo tem\u00eb t\u00eb dakordohet dhe pse me qejf e len\u00eb k\u00ebt\u00eb p\u00ebr vitin 2021. Mir\u00ebpo LDK duhet n\u00eb tavolin\u00ebn e bisedimeve me argumentu sakt\u00ebsisht se pse mendon q\u00eb kjo tem\u00eb duhet t\u00eb trajtohet tash, kush mendon se duhet t\u00eb marr\u00eb k\u00ebt\u00eb pozit\u00eb dhe sa \u00ebsht\u00eb ekuivalenca e k\u00ebsaj pozite\u201d, thot\u00eb Bislimi.<\/p>\n<p>Pik\u00ebrisht p\u00ebr k\u00ebt\u00eb \u00e7\u00ebshtje, dje i pari i LDK-s\u00eb, Isa Mustafa b\u00ebri t\u00eb ditur se do t\u00eb negociohet \u00e7\u00ebshtja e presidentit me Vet\u00ebvendosjen, por pa caktuar emra.<\/p>\n<p>\u201cN\u00eb asnj\u00eb rast publikisht, e as nuk jam shpreh q\u00eb un\u00eb t\u00eb jem president i Kosov\u00ebs, tjer\u00ebt kan\u00eb fillu t\u00eb b\u00ebjn\u00eb k\u00ebt\u00eb pun\u00eb tem\u00eb dhe problem. P\u00ebr k\u00ebt\u00eb do t\u00eb vendos\u00eb partia q\u00eb i takon q\u00eb ajo t\u00eb propozoj\u00eb presidentin e ardhsh\u00ebm t\u00eb Kosov\u00ebs\u2026tani do t\u00eb merremi vesh se kujt i takon t\u00eb propozoj kandidatin p\u00ebr president n\u00eb t\u00eb ardhmen, por ai kandidat nuk do t\u00eb propozohet tash. Por kur t\u00eb i vjen koha\u201d,<\/p>\n<p>Nd\u00ebrkoh\u00eb, kritik p\u00ebr k\u00ebt\u00eb \u00e7\u00ebshtje jan\u00eb pjes\u00ebtar\u00ebt e shoq\u00ebris\u00eb civile, nga organizata joqeveritare, \u201c\u00c7ohu\u201d, Arton Demhasaj thot\u00eb se pozita e presidentit nuk duhet t\u00eb hyj\u00eb n\u00eb pazare politike, pasi ai duhet t\u00eb jet\u00eb n\u00eb baz\u00eb t\u00eb nj\u00eb konsensusi t\u00eb p\u00ebrgjithsh\u00ebm.<\/p>\n<p>\u201c\u00cbsht\u00eb shum\u00eb e gabueshme q\u00eb qysh n\u00eb k\u00ebt\u00eb moment duke ditur q\u00eb ne kemi president. Ka mandat t\u00eb pakt\u00ebn edhe nj\u00eb vit e gjysm\u00eb nga tash t\u00eb fillojn\u00eb dhe t\u00eb merren me nj\u00eb pazar t\u00eb till\u00eb politik, si ka ndodhur n\u00eb t\u00eb kaluar\u00ebn edhe t\u00eb fillojn\u00eb qysh tash t\u00eb flasin p\u00ebr pozit\u00ebn e presidentit. Duke ditur q\u00eb pozita e presidentit duhet t\u00eb luaj rolin e unifikimit t\u00eb faktorit politik. Nuk guxon t\u00eb lidhet me pazare politike. E po ashtu duke marr\u00eb parasysh se VV e ka kund\u00ebrshtuar pazarin politik q\u00eb \u00ebsht\u00eb b\u00ebr\u00eb me pozit\u00ebn e presidentit. Nuk besoj dhe nuk duhet VV t\u00eb lejoj q\u00eb t\u00eb hyj\u00eb n\u00eb pazare t\u00eb tilla n\u00eb k\u00ebt\u00eb moment \u201d, thot\u00eb ai.<\/p>\n<p>Mendim t\u00eb nj\u00ebjt\u00eb p\u00ebr k\u00ebt\u00eb ka edhe profesori universitar, Mazllum Baraliu, i cili thot\u00eb se pozita e presidentit do t\u00eb duhej t\u00eb lihej pas p\u00ebrfundimit t\u00eb mandatit t\u00eb Hashim Tha\u00e7it.<\/p>\n<p>\u201cNuk do t\u00eb duhej q\u00eb t\u00eb futeshin klauzolat p\u00ebrkitazi me ndonj\u00eb marr\u00ebveshje eventuale brenda marr\u00ebveshjes s\u00eb koalicionit t\u00eb k\u00ebtyre dy partive politike sa i p\u00ebrket presidentit. Presidenti i tanish\u00ebm ka mandat edhe nj\u00eb vit e gjysm\u00eb. Do t\u00eb duhej q\u00eb pavar\u00ebsisht orekseve e cilit do subjekt politik t\u2019i lihej momentin dhe konfiguracionit t\u00eb forcave at\u00ebher\u00eb. Por dhe gatishm\u00ebris\u00eb s\u00eb Kuvendit q\u00eb t\u00eb votoj at\u00eb q\u00eb me t\u00eb v\u00ebrtet do t\u00eb ishte president konsensual dhe jo t\u00eb imponohet nga parti politike\u201d, thot\u00eb ai.<\/p>\n<p>Presidenti i tanish\u00ebm i Kosov\u00ebs, Hashim Tha\u00e7i, po ashtu ka marr\u00eb pozit\u00ebn e tij si pjes\u00eb e nj\u00eb marr\u00ebveshje politike mes LDK-s\u00eb dhe PDK-s\u00eb.<\/p>\n","protected":false},"excerpt":{"rendered":"<p>Negocimin e postit t\u00eb presidentit nga L\u00ebvizja Vet\u00ebvendosje dhe Lidhja Demokratike e Kosov\u00ebs q\u00eb po pretendojn\u00eb t\u00eb formojn\u00eb koalicionin e ardhsh\u00ebm qeveris\u00ebs, shoq\u00ebria civile po e konsideron si t\u00eb gabuar dhe jo parimor. Teksa k\u00ebto dy t\u00eb parat thon\u00eb se ende nuk kan\u00eb folur p\u00ebr t\u00eb parin e vendit, por pa e mohuar se do [&hellip;]<\/p>\n","protected":false},"author":1,"featured_media":46145,"comment_status":"closed","ping_status":"closed","sticky":false,"template":"","format":"standard","meta":{"footnotes":""},"categories":[5],"tags":[],"class_list":{"0":"post-47929","1":"post","2":"type-post","3":"status-publish","4":"format-standard","5":"has-post-thumbnail","7":"category-lajme"},"_links":{"self":[{"href":"https:\/\/radiostargjilan.com\/web\/wp-json\/wp\/v2\/posts\/47929","targetHints":{"allow":["GET"]}}],"collection":[{"href":"https:\/\/radiostargjilan.com\/web\/wp-json\/wp\/v2\/posts"}],"about":[{"href":"https:\/\/radiostargjilan.com\/web\/wp-json\/wp\/v2\/types\/post"}],"author":[{"embeddable":true,"href":"https:\/\/radiostargjilan.com\/web\/wp-json\/wp\/v2\/users\/1"}],"replies":[{"embeddable":true,"href":"https:\/\/radiostargjilan.com\/web\/wp-json\/wp\/v2\/comments?post=47929"}],"version-history":[{"count":0,"href":"https:\/\/radiostargjilan.com\/web\/wp-json\/wp\/v2\/posts\/47929\/revisions"}],"wp:featuredmedia":[{"embeddable":true,"href":"https:\/\/radiostargjilan.com\/web\/wp-json\/wp\/v2\/media\/46145"}],"wp:attachment":[{"href":"https:\/\/radiostargjilan.com\/web\/wp-json\/wp\/v2\/media?parent=47929"}],"wp:term":[{"taxonomy":"category","embeddable":true,"href":"https:\/\/radiostargjilan.com\/web\/wp-json\/wp\/v2\/categories?post=47929"},{"taxonomy":"post_tag","embeddable":true,"href":"https:\/\/radiostargjilan.com\/web\/wp-json\/wp\/v2\/tags?post=47929"}],"curies":[{"name":"wp","href":"https:\/\/api.w.org\/{rel}","templated":true}]}}