{"id":48447,"date":"2019-11-19T14:01:02","date_gmt":"2019-11-19T14:01:02","guid":{"rendered":"http:\/\/radiostargjilan.com\/web\/?p=48447"},"modified":"2019-11-19T14:01:02","modified_gmt":"2019-11-19T14:01:02","slug":"skuadra-gjilant-prezent-ne-hapjen-e-20-vjetorit-te-skiftereve","status":"publish","type":"post","link":"https:\/\/radiostargjilan.com\/web\/skuadra-gjilant-prezent-ne-hapjen-e-20-vjetorit-te-skiftereve\/","title":{"rendered":"Skuadra Gjilant prezent n\u00eb hapjen e 20 vjetorit t\u00eb \u201cSkifter\u00ebve\u201d"},"content":{"rendered":"<p>Sot tifogrupi i skuadr\u00ebs s\u00eb Gjilanit, \u201cSkifter\u00ebt\u201d, nis\u00ebn manifestimin e 20 vjetorit t\u00eb themelimit  t\u00eb grupit t\u00eb tyre.<\/p>\n<p>N\u00eb hapjen e evenimentit p\u00ebr 20 vjetorin e themelimit t\u00eb tifogrupit, \u201cSkifter\u00ebt\u201d, fubtollist\u00ebt e skuadr\u00ebs s\u00eb bashku me trajner\u00ebt e antar\u00ebt e kryesis s\u00eb Gjilanit, ishin prezent n\u00eb ekspozit\u00ebn e sotme, e cila u hap n\u00eb ora 11:00 , me lokacion Teatrin e Qytetit t\u00eb Gjilanit.<\/p>\n<p>Animi korrekt, ngjyrimi i ndeshjeve dhe hijeshia q\u00eb i dhan\u00eb k\u00ebta tifoz jo vet\u00ebm klubit t\u00eb Gjilanit por edhe gjith\u00eb futbollit kosovar nd\u00ebr k\u00ebto vite t\u00eb ekzistenc\u00ebs s\u00eb tyre, ishin prezente n\u00ebp\u00ebrmjet fotografive t\u00eb vendosura brenda ekspozit\u00ebs s\u00eb sotme, e ku paten mund\u00ebsi ti shohin t\u00eb gjith\u00eb futbollist\u00ebt dhe t\u00eb pranishmit q\u00eb ishin n\u00eb ekspozit\u00ebn e sotme.<\/p>\n<p>Futbollist\u00ebt dhe pjesa tjet\u00ebr e skuadr\u00ebs mbeten t\u00eb k\u00ebnaqur nga kjo ekspozit\u00eb e sotme, e cila atyre ju jep edhe m\u00eb shum\u00eb motivimin p\u00ebr paraqitje sa m\u00eb t\u00eb mira n\u00eb fush\u00ebn e loj\u00ebs, q\u00eb t\u00eb shp\u00ebrblejn\u00eb k\u00ebt\u00eb besnik\u00ebri dhe mb\u00ebshtetje t\u00eb tifoz\u00ebve, q\u00eb i dhan\u00eb skuadr\u00ebs s\u00eb Gjilanit  nd\u00ebr vite.<\/p>\n","protected":false},"excerpt":{"rendered":"<p>Sot tifogrupi i skuadr\u00ebs s\u00eb Gjilanit, \u201cSkifter\u00ebt\u201d, nis\u00ebn manifestimin e 20 vjetorit t\u00eb themelimit t\u00eb grupit t\u00eb tyre. N\u00eb hapjen e evenimentit p\u00ebr 20 vjetorin e themelimit t\u00eb tifogrupit, \u201cSkifter\u00ebt\u201d, fubtollist\u00ebt e skuadr\u00ebs s\u00eb bashku me trajner\u00ebt e antar\u00ebt e kryesis s\u00eb Gjilanit, ishin prezent n\u00eb ekspozit\u00ebn e sotme, e cila u hap n\u00eb ora [&hellip;]<\/p>\n","protected":false},"author":1,"featured_media":48448,"comment_status":"closed","ping_status":"closed","sticky":false,"template":"","format":"standard","meta":{"footnotes":""},"categories":[5],"tags":[],"class_list":{"0":"post-48447","1":"post","2":"type-post","3":"status-publish","4":"format-standard","5":"has-post-thumbnail","7":"category-lajme"},"_links":{"self":[{"href":"https:\/\/radiostargjilan.com\/web\/wp-json\/wp\/v2\/posts\/48447","targetHints":{"allow":["GET"]}}],"collection":[{"href":"https:\/\/radiostargjilan.com\/web\/wp-json\/wp\/v2\/posts"}],"about":[{"href":"https:\/\/radiostargjilan.com\/web\/wp-json\/wp\/v2\/types\/post"}],"author":[{"embeddable":true,"href":"https:\/\/radiostargjilan.com\/web\/wp-json\/wp\/v2\/users\/1"}],"replies":[{"embeddable":true,"href":"https:\/\/radiostargjilan.com\/web\/wp-json\/wp\/v2\/comments?post=48447"}],"version-history":[{"count":0,"href":"https:\/\/radiostargjilan.com\/web\/wp-json\/wp\/v2\/posts\/48447\/revisions"}],"wp:featuredmedia":[{"embeddable":true,"href":"https:\/\/radiostargjilan.com\/web\/wp-json\/wp\/v2\/media\/48448"}],"wp:attachment":[{"href":"https:\/\/radiostargjilan.com\/web\/wp-json\/wp\/v2\/media?parent=48447"}],"wp:term":[{"taxonomy":"category","embeddable":true,"href":"https:\/\/radiostargjilan.com\/web\/wp-json\/wp\/v2\/categories?post=48447"},{"taxonomy":"post_tag","embeddable":true,"href":"https:\/\/radiostargjilan.com\/web\/wp-json\/wp\/v2\/tags?post=48447"}],"curies":[{"name":"wp","href":"https:\/\/api.w.org\/{rel}","templated":true}]}}