{"id":48697,"date":"2019-11-24T12:15:12","date_gmt":"2019-11-24T12:15:12","guid":{"rendered":"http:\/\/radiostargjilan.com\/web\/?p=48697"},"modified":"2019-11-24T12:15:12","modified_gmt":"2019-11-24T12:15:12","slug":"bora-e-pare-ne-kosove-pritet-te-bie-ne-kete-dite","status":"publish","type":"post","link":"https:\/\/radiostargjilan.com\/web\/bora-e-pare-ne-kosove-pritet-te-bie-ne-kete-dite\/","title":{"rendered":"Bora e par\u00eb n\u00eb Kosov\u00eb pritet t\u00eb bie n\u00eb k\u00ebt\u00eb dit\u00eb"},"content":{"rendered":"<p>Modelet globale kompjuterike p\u00ebr parashikim t\u00eb motit kan\u00eb filluar t\u00eb krijojn\u00eb nj\u00eb trend sa i p\u00ebrket fillimit t\u00eb Dhjetorit. Pasi q\u00eb kemi t\u00eb b\u00ebjm\u00eb me parashikim afatgjat\u00eb po e p\u00ebrdorim edhe sot fjal\u00ebn \u201cmund\u201d m\u00eb shpesh, pra \u00ebsht\u00eb \u00e7\u00ebshtje probabiliteti, megjithat\u00eb gjasat po rriten gjithnj\u00eb e m\u00eb shum\u00eb dhe pothuajse \u00ebsht\u00eb krijuar nj\u00eb trend.<\/p>\n<p>Reshjet e para t\u00eb bor\u00ebs n\u00eb disa rajone n\u00eb Kosov\u00eb (jo n\u00eb t\u00ebr\u00eb territorin) mund t\u00eb vijn\u00eb me daten 30 N\u00ebntor. Pastaj do t\u00eb kemi edhe ndonj\u00eb dit\u00eb \u201ct\u00eb nxehta\u201d p\u00ebr shkak t\u00eb dep\u00ebrtimit t\u00eb menj\u00ebhersh\u00ebm t\u00eb masave ajrore t\u00eb nxehta nga Mesdheu. Pas k\u00ebsaj situata vie e b\u00ebhet gjithnj\u00eb e m\u00eb interesante. Nj\u00eb ciklon i fuqish\u00ebm do t\u00eb krijohet mbi Itali por k\u00ebsaj radhe cikloni do t\u00eb jet\u00eb i pozicionuar n\u00eb at\u00eb m\u00ebnyr\u00eb q\u00eb do t\u00eb t\u00ebrheq\u00eb er\u00ebrat e ftohta veriore direkt nga veriu, shkruan meteo ballkan.<\/p>\n<p>Ajri polar do t\u00eb arrij\u00eb t\u00eb dep\u00ebrtoj\u00eb n\u00eb rajonin ton\u00eb dhe n\u00eb kombinim me lag\u00ebshtin\u00eb mesdhetare do t\u00eb na sjell\u00eb reshje t\u00eb dendura shiu fillimisht, pastaj reshjet e shiut do t\u00eb shnd\u00ebrrohen n\u00eb reshje t\u00eb dendura bore. Kjo do t\u00eb mund t\u00eb ishte goditja e par\u00eb serioze dim\u00ebrore edhe n\u00eb rajonin ton\u00eb me reshje t\u00eb dendura bore n\u00eb viset tona kontinentale dhe ulje t\u00eb theksuar t\u00eb temperaturave.<\/p>\n<p>Detaje tjera \u00ebsht\u00eb e pakuptimte t\u00eb japim sot sepse modelet ndryshojn\u00eb n\u00eb \u00e7do p\u00ebrdit\u00ebsim dhe me k\u00ebto ndryshime ndryshojn\u00eb edhe sasia e reshjeve dhe fuqia e goditjes dim\u00ebrore sidomos kur kemi t\u00eb b\u00ebjm\u00eb me nj\u00eb parashikim afatgjat\u00eb prandaj duhet t\u00eb gjith\u00eb t\u00eb jemi t\u00eb duruesh\u00ebm edhe disa dit\u00eb.<\/p>\n","protected":false},"excerpt":{"rendered":"<p>Modelet globale kompjuterike p\u00ebr parashikim t\u00eb motit kan\u00eb filluar t\u00eb krijojn\u00eb nj\u00eb trend sa i p\u00ebrket fillimit t\u00eb Dhjetorit. Pasi q\u00eb kemi t\u00eb b\u00ebjm\u00eb me parashikim afatgjat\u00eb po e p\u00ebrdorim edhe sot fjal\u00ebn \u201cmund\u201d m\u00eb shpesh, pra \u00ebsht\u00eb \u00e7\u00ebshtje probabiliteti, megjithat\u00eb gjasat po rriten gjithnj\u00eb e m\u00eb shum\u00eb dhe pothuajse \u00ebsht\u00eb krijuar nj\u00eb trend. Reshjet [&hellip;]<\/p>\n","protected":false},"author":1,"featured_media":47520,"comment_status":"closed","ping_status":"closed","sticky":false,"template":"","format":"standard","meta":{"footnotes":""},"categories":[5],"tags":[],"class_list":{"0":"post-48697","1":"post","2":"type-post","3":"status-publish","4":"format-standard","5":"has-post-thumbnail","7":"category-lajme"},"_links":{"self":[{"href":"https:\/\/radiostargjilan.com\/web\/wp-json\/wp\/v2\/posts\/48697","targetHints":{"allow":["GET"]}}],"collection":[{"href":"https:\/\/radiostargjilan.com\/web\/wp-json\/wp\/v2\/posts"}],"about":[{"href":"https:\/\/radiostargjilan.com\/web\/wp-json\/wp\/v2\/types\/post"}],"author":[{"embeddable":true,"href":"https:\/\/radiostargjilan.com\/web\/wp-json\/wp\/v2\/users\/1"}],"replies":[{"embeddable":true,"href":"https:\/\/radiostargjilan.com\/web\/wp-json\/wp\/v2\/comments?post=48697"}],"version-history":[{"count":0,"href":"https:\/\/radiostargjilan.com\/web\/wp-json\/wp\/v2\/posts\/48697\/revisions"}],"wp:featuredmedia":[{"embeddable":true,"href":"https:\/\/radiostargjilan.com\/web\/wp-json\/wp\/v2\/media\/47520"}],"wp:attachment":[{"href":"https:\/\/radiostargjilan.com\/web\/wp-json\/wp\/v2\/media?parent=48697"}],"wp:term":[{"taxonomy":"category","embeddable":true,"href":"https:\/\/radiostargjilan.com\/web\/wp-json\/wp\/v2\/categories?post=48697"},{"taxonomy":"post_tag","embeddable":true,"href":"https:\/\/radiostargjilan.com\/web\/wp-json\/wp\/v2\/tags?post=48697"}],"curies":[{"name":"wp","href":"https:\/\/api.w.org\/{rel}","templated":true}]}}