{"id":48821,"date":"2019-11-26T12:36:19","date_gmt":"2019-11-26T12:36:19","guid":{"rendered":"http:\/\/radiostargjilan.com\/web\/?p=48821"},"modified":"2019-11-26T12:36:19","modified_gmt":"2019-11-26T12:36:19","slug":"gjilani-anulon-aktivitetet-festive-ne-shenje-solidariteti-me-viktimat-e-termetit-dhe-familjet-e-tyre-ne-shqiperi","status":"publish","type":"post","link":"https:\/\/radiostargjilan.com\/web\/gjilani-anulon-aktivitetet-festive-ne-shenje-solidariteti-me-viktimat-e-termetit-dhe-familjet-e-tyre-ne-shqiperi\/","title":{"rendered":"Gjilani anulon aktivitetet festive n\u00eb shenj\u00eb solidariteti me viktimat e t\u00ebrmetit dhe familjet e tyre n\u00eb Shqip\u00ebri"},"content":{"rendered":"<p>N\u00eb shenj\u00eb solidariteti me viktimat e t\u00ebrmetit n\u00eb Shqip\u00ebri dhe familjet e tyre, kryetari i Komun\u00ebs s\u00eb Gjilanit, Lutfi Haziri, ka anuluar t\u00eb gjitha aktivitetet festive t\u00eb parapara t\u00eb mbahen t\u00eb mart\u00ebn dhe t\u00eb m\u00ebrkur\u00ebn, n\u00eb kuad\u00ebr t\u00eb sh\u00ebnimit t\u00eb 28 n\u00ebntorit.<\/p>\n<p>\u201cAskush m\u00eb shum\u00eb se gjilanasit nuk e bashk\u00ebndien tragjedin\u00eb nga t\u00ebrmeti i sot\u00ebm n\u00eb Shqip\u00ebri. Lutemi p\u00ebr viktimat dhe familjet e tyre. T\u00eb l\u00ebnduarve iu urojm\u00eb sh\u00ebrim t\u00eb shpejt\u00eb. Gjilani dhe Kosova sot \u00ebsht\u00eb me Shqip\u00ebrin\u00eb. N\u00eb shenj\u00eb solitariteti me viktimat dhe familjet e tyre, i kam anuluar t\u00eb gjitha aktivitetet dy ditore festive\u201d, ka th\u00ebn\u00eb kryetari i Gjilanit, Lutfi Haziri.<\/p>\n<p>Komuna e Gjilanit do t\u2019i mbaj aktivitetet e parapara vet\u00ebm t\u00eb enjten, m\u00eb 28 n\u00ebntor.<\/p>\n","protected":false},"excerpt":{"rendered":"<p>N\u00eb shenj\u00eb solidariteti me viktimat e t\u00ebrmetit n\u00eb Shqip\u00ebri dhe familjet e tyre, kryetari i Komun\u00ebs s\u00eb Gjilanit, Lutfi Haziri, ka anuluar t\u00eb gjitha aktivitetet festive t\u00eb parapara t\u00eb mbahen t\u00eb mart\u00ebn dhe t\u00eb m\u00ebrkur\u00ebn, n\u00eb kuad\u00ebr t\u00eb sh\u00ebnimit t\u00eb 28 n\u00ebntorit. \u201cAskush m\u00eb shum\u00eb se gjilanasit nuk e bashk\u00ebndien tragjedin\u00eb nga t\u00ebrmeti i sot\u00ebm [&hellip;]<\/p>\n","protected":false},"author":1,"featured_media":48752,"comment_status":"closed","ping_status":"closed","sticky":false,"template":"","format":"standard","meta":{"footnotes":""},"categories":[5],"tags":[],"class_list":{"0":"post-48821","1":"post","2":"type-post","3":"status-publish","4":"format-standard","5":"has-post-thumbnail","7":"category-lajme"},"_links":{"self":[{"href":"https:\/\/radiostargjilan.com\/web\/wp-json\/wp\/v2\/posts\/48821","targetHints":{"allow":["GET"]}}],"collection":[{"href":"https:\/\/radiostargjilan.com\/web\/wp-json\/wp\/v2\/posts"}],"about":[{"href":"https:\/\/radiostargjilan.com\/web\/wp-json\/wp\/v2\/types\/post"}],"author":[{"embeddable":true,"href":"https:\/\/radiostargjilan.com\/web\/wp-json\/wp\/v2\/users\/1"}],"replies":[{"embeddable":true,"href":"https:\/\/radiostargjilan.com\/web\/wp-json\/wp\/v2\/comments?post=48821"}],"version-history":[{"count":0,"href":"https:\/\/radiostargjilan.com\/web\/wp-json\/wp\/v2\/posts\/48821\/revisions"}],"wp:featuredmedia":[{"embeddable":true,"href":"https:\/\/radiostargjilan.com\/web\/wp-json\/wp\/v2\/media\/48752"}],"wp:attachment":[{"href":"https:\/\/radiostargjilan.com\/web\/wp-json\/wp\/v2\/media?parent=48821"}],"wp:term":[{"taxonomy":"category","embeddable":true,"href":"https:\/\/radiostargjilan.com\/web\/wp-json\/wp\/v2\/categories?post=48821"},{"taxonomy":"post_tag","embeddable":true,"href":"https:\/\/radiostargjilan.com\/web\/wp-json\/wp\/v2\/tags?post=48821"}],"curies":[{"name":"wp","href":"https:\/\/api.w.org\/{rel}","templated":true}]}}