{"id":48850,"date":"2019-11-26T15:34:59","date_gmt":"2019-11-26T15:34:59","guid":{"rendered":"http:\/\/radiostargjilan.com\/web\/?p=48850"},"modified":"2019-11-26T15:34:59","modified_gmt":"2019-11-26T15:34:59","slug":"te-merkuren-dite-zie-ne-kosove","status":"publish","type":"post","link":"https:\/\/radiostargjilan.com\/web\/te-merkuren-dite-zie-ne-kosove\/","title":{"rendered":"T\u00eb m\u00ebrkur\u00ebn dit\u00eb zie n\u00eb Kosov\u00eb"},"content":{"rendered":"<p>Presidenti i Republik\u00ebs s\u00eb Kosov\u00ebs, Hashim Tha\u00e7i, ka shpallur t\u00eb m\u00ebrkur\u00ebn, 27 n\u00ebntor 2019, dit\u00eb zie n\u00eb Kosov\u00eb, n\u00eb nderim t\u00eb viktimave q\u00eb humbjen jet\u00ebn nga t\u00ebrmeti n\u00eb Republik\u00ebn e Shqip\u00ebris\u00eb.<\/p>\n<p>\u201cN\u00eb shenj\u00eb respekti shtet\u00ebror dhe qytetar, dita e m\u00ebrkur\u00eb, 27 n\u00ebntor 2019, shpallet dit\u00eb zie shtet\u00ebrore n\u00eb Republik\u00ebn e Kosov\u00ebs, pas t\u00ebrmetit n\u00eb Shqip\u00ebri, i cili la dhjet\u00ebra persona t\u00eb vdekur dhe shum\u00eb t\u00eb l\u00ebnduar\u201d, thuhet nd\u00ebr t\u00eb tjera n\u00eb vendimin e presidentit Tha\u00e7i.<\/p>\n<p>Me vendim t\u00eb presidentit Tha\u00e7i, flamujt shtet\u00ebror ngrihen n\u00eb gjysm\u00ebshtiz\u00eb n\u00eb t\u00eb gjitha objektet shtet\u00ebrore t\u00eb Republik\u00ebs s\u00eb Kosov\u00ebs, brenda dhe jasht\u00eb vendit.\/ZERI<\/p>\n","protected":false},"excerpt":{"rendered":"<p>Presidenti i Republik\u00ebs s\u00eb Kosov\u00ebs, Hashim Tha\u00e7i, ka shpallur t\u00eb m\u00ebrkur\u00ebn, 27 n\u00ebntor 2019, dit\u00eb zie n\u00eb Kosov\u00eb, n\u00eb nderim t\u00eb viktimave q\u00eb humbjen jet\u00ebn nga t\u00ebrmeti n\u00eb Republik\u00ebn e Shqip\u00ebris\u00eb. \u201cN\u00eb shenj\u00eb respekti shtet\u00ebror dhe qytetar, dita e m\u00ebrkur\u00eb, 27 n\u00ebntor 2019, shpallet dit\u00eb zie shtet\u00ebrore n\u00eb Republik\u00ebn e Kosov\u00ebs, pas t\u00ebrmetit n\u00eb Shqip\u00ebri, [&hellip;]<\/p>\n","protected":false},"author":1,"featured_media":48851,"comment_status":"closed","ping_status":"closed","sticky":false,"template":"","format":"standard","meta":{"footnotes":""},"categories":[5],"tags":[],"class_list":{"0":"post-48850","1":"post","2":"type-post","3":"status-publish","4":"format-standard","5":"has-post-thumbnail","7":"category-lajme"},"_links":{"self":[{"href":"https:\/\/radiostargjilan.com\/web\/wp-json\/wp\/v2\/posts\/48850","targetHints":{"allow":["GET"]}}],"collection":[{"href":"https:\/\/radiostargjilan.com\/web\/wp-json\/wp\/v2\/posts"}],"about":[{"href":"https:\/\/radiostargjilan.com\/web\/wp-json\/wp\/v2\/types\/post"}],"author":[{"embeddable":true,"href":"https:\/\/radiostargjilan.com\/web\/wp-json\/wp\/v2\/users\/1"}],"replies":[{"embeddable":true,"href":"https:\/\/radiostargjilan.com\/web\/wp-json\/wp\/v2\/comments?post=48850"}],"version-history":[{"count":0,"href":"https:\/\/radiostargjilan.com\/web\/wp-json\/wp\/v2\/posts\/48850\/revisions"}],"wp:featuredmedia":[{"embeddable":true,"href":"https:\/\/radiostargjilan.com\/web\/wp-json\/wp\/v2\/media\/48851"}],"wp:attachment":[{"href":"https:\/\/radiostargjilan.com\/web\/wp-json\/wp\/v2\/media?parent=48850"}],"wp:term":[{"taxonomy":"category","embeddable":true,"href":"https:\/\/radiostargjilan.com\/web\/wp-json\/wp\/v2\/categories?post=48850"},{"taxonomy":"post_tag","embeddable":true,"href":"https:\/\/radiostargjilan.com\/web\/wp-json\/wp\/v2\/tags?post=48850"}],"curies":[{"name":"wp","href":"https:\/\/api.w.org\/{rel}","templated":true}]}}