{"id":49244,"date":"2019-11-30T08:18:32","date_gmt":"2019-11-30T08:18:32","guid":{"rendered":"http:\/\/radiostargjilan.com\/web\/?p=49244"},"modified":"2019-11-30T08:18:32","modified_gmt":"2019-11-30T08:18:32","slug":"rama-ndan-mbi-16-mije-euro-per-familjet-e-vellezerve-abazi","status":"publish","type":"post","link":"https:\/\/radiostargjilan.com\/web\/rama-ndan-mbi-16-mije-euro-per-familjet-e-vellezerve-abazi\/","title":{"rendered":"Rama ndan mbi 16 mij\u00eb euro p\u00ebr familjet e v\u00ebllez\u00ebrve Abazi"},"content":{"rendered":"<p>Qeveria do t\u00eb ndaj\u00eb nga 1 milion lek\u00eb t\u00eb reja familjeve t\u00eb dy v\u00ebllez\u00ebrve Abazi nga Kosova q\u00eb humb\u00ebn jet\u00ebn n\u00eb Durr\u00ebs p\u00ebr shkak t\u00eb t\u00ebrmetit.<\/p>\n<p>K\u00ebshtu deklaroi kryeministri i Shqip\u00ebris\u00eb, Edi Rama n\u00eb mbledhjen e sotme t\u00eb qeveris\u00eb ku do t\u00eb miratohen nj\u00eb s\u00ebr\u00eb aktesh p\u00ebr t\u2019iu ardhur n\u00eb ndihm\u00eb familjeve q\u00eb humb\u00ebn t\u00eb dashurit e tyre nga t\u00ebrmeti i 26 n\u00ebntorit por edhe ato q\u00eb mbet\u00ebn pa sht\u00ebpi.<\/p>\n<p>\u201cProjektvendimi q\u00eb lidhet p\u00ebrs\u00ebri me p\u00ebrkrahjen sociale dhe financiar t\u00eb familjeve t\u00eb viktimave \u00ebsht\u00eb projektvendimi q\u00eb ka t\u00eb b\u00ebj\u00eb me akordimin direkt t\u00eb nj\u00eb p\u00ebrkrahje financiare prej 1 milion lek\u00ebsh t\u00eb reja p\u00ebr \u00e7do familje dhe patjet\u00ebr p\u00ebr p\u00ebrballimin e shpenzimeve t\u00eb varrimit. Secila prej familjeve t\u00eb v\u00ebllez\u00ebrve Abazi nga Kosova do t\u00eb marr\u00eb t\u00eb nj\u00ebjt\u00ebn p\u00ebrkrahje financiare prej 1 milion lek\u00ebsh t\u00eb reja nga ky vendim i qeveris\u00eb s\u00eb Republik\u00ebs s\u00eb Shqip\u00ebris\u00eb. Besoj q\u00eb jemi dakord\u201d, deklaroi Rama.<\/p>\n<p>Dy v\u00ebllez\u00ebrit nga fshati Livo\u00e7 i komun\u00ebs s\u00eb Gjilanit Shemsedin Abazi, 32 vje\u00e7 dhe Isah Abazi, 29 vje\u00e7 humb\u00ebn jet\u00ebn pas shembjes s\u00eb hotelit \u201cTropikal\u201d n\u00eb Durr\u00ebs.<\/p>\n","protected":false},"excerpt":{"rendered":"<p>Qeveria do t\u00eb ndaj\u00eb nga 1 milion lek\u00eb t\u00eb reja familjeve t\u00eb dy v\u00ebllez\u00ebrve Abazi nga Kosova q\u00eb humb\u00ebn jet\u00ebn n\u00eb Durr\u00ebs p\u00ebr shkak t\u00eb t\u00ebrmetit. K\u00ebshtu deklaroi kryeministri i Shqip\u00ebris\u00eb, Edi Rama n\u00eb mbledhjen e sotme t\u00eb qeveris\u00eb ku do t\u00eb miratohen nj\u00eb s\u00ebr\u00eb aktesh p\u00ebr t\u2019iu ardhur n\u00eb ndihm\u00eb familjeve q\u00eb humb\u00ebn t\u00eb [&hellip;]<\/p>\n","protected":false},"author":1,"featured_media":48982,"comment_status":"closed","ping_status":"closed","sticky":false,"template":"","format":"standard","meta":{"footnotes":""},"categories":[5],"tags":[],"class_list":{"0":"post-49244","1":"post","2":"type-post","3":"status-publish","4":"format-standard","5":"has-post-thumbnail","7":"category-lajme"},"_links":{"self":[{"href":"https:\/\/radiostargjilan.com\/web\/wp-json\/wp\/v2\/posts\/49244","targetHints":{"allow":["GET"]}}],"collection":[{"href":"https:\/\/radiostargjilan.com\/web\/wp-json\/wp\/v2\/posts"}],"about":[{"href":"https:\/\/radiostargjilan.com\/web\/wp-json\/wp\/v2\/types\/post"}],"author":[{"embeddable":true,"href":"https:\/\/radiostargjilan.com\/web\/wp-json\/wp\/v2\/users\/1"}],"replies":[{"embeddable":true,"href":"https:\/\/radiostargjilan.com\/web\/wp-json\/wp\/v2\/comments?post=49244"}],"version-history":[{"count":0,"href":"https:\/\/radiostargjilan.com\/web\/wp-json\/wp\/v2\/posts\/49244\/revisions"}],"wp:featuredmedia":[{"embeddable":true,"href":"https:\/\/radiostargjilan.com\/web\/wp-json\/wp\/v2\/media\/48982"}],"wp:attachment":[{"href":"https:\/\/radiostargjilan.com\/web\/wp-json\/wp\/v2\/media?parent=49244"}],"wp:term":[{"taxonomy":"category","embeddable":true,"href":"https:\/\/radiostargjilan.com\/web\/wp-json\/wp\/v2\/categories?post=49244"},{"taxonomy":"post_tag","embeddable":true,"href":"https:\/\/radiostargjilan.com\/web\/wp-json\/wp\/v2\/tags?post=49244"}],"curies":[{"name":"wp","href":"https:\/\/api.w.org\/{rel}","templated":true}]}}