{"id":49246,"date":"2019-11-30T10:23:06","date_gmt":"2019-11-30T10:23:06","guid":{"rendered":"http:\/\/radiostargjilan.com\/web\/?p=49246"},"modified":"2019-11-30T10:23:06","modified_gmt":"2019-11-30T10:23:06","slug":"haziri-e-minxhozi-vizitojne-familjen-abazi-per-ti-ofruar-mbeshtetje","status":"publish","type":"post","link":"https:\/\/radiostargjilan.com\/web\/haziri-e-minxhozi-vizitojne-familjen-abazi-per-ti-ofruar-mbeshtetje\/","title":{"rendered":"Haziri e Minxhozi vizitojn\u00eb familjen Abazi p\u00ebr t\u2019i ofruar mb\u00ebshtetje"},"content":{"rendered":"<p>Kryetari i Komun\u00ebs s\u00eb Gjilanit, Lutfi Haziri s\u00eb bashku me abasadorin e Shqip\u00ebris\u00eb n\u00eb Kosov\u00eb, Qemal Minxhozi, t\u00eb cil\u00ebt shoq\u00ebroheshin edhe nga atasheu ushtarak i Republik\u00ebs s\u00eb Shqip\u00ebris\u00eb n\u00eb k\u00ebt\u00eb Ambasad\u00eb, Gjenerali Conbalaj, n\u00ebnkryetari i Komun\u00ebs, k\u00ebshilltar\u00ebt komunal e drejtor\u00ebt e institucioneve, kan\u00eb q\u00ebndruar sot p\u00ebr vizit\u00eb ngush\u00eblluese n\u00eb familjen Abazi, e cila humbi dy djemt\u00eb e saj pas t\u00ebrmetit n\u00eb Shqip\u00ebri.<\/p>\n<p>Ambasadori Minxhozi, n\u00eb em\u00ebr t\u00eb kryeministrit shqiptar, Edi Rama, ka shprehur ngush\u00ebllimet p\u00ebr familjen Abazi, derisa i ka konfirmuar vendimin e qeveris\u00eb shqiptare p\u00ebr ndarjen e mjeteve financiare p\u00ebr k\u00ebt\u00eb familje n\u00eb vler\u00eb prej 16 mij\u00eb euro.<\/p>\n<p>Nd\u00ebrkaq, kryetari Haziri tha se Komuna e Gjilanit po vazhdon koordinimin p\u00ebr mbledhjen e ndihmave p\u00ebr familjen Abazi, duke apeluar t\u00eb gjith\u00eb njer\u00ebzit e vullnetit t\u00eb mir\u00eb q\u00eb mjetet financiare t\u2019i derdhin n\u00eb xhirollogarin\u00eb zyrtare ose drejtp\u00ebrdrejt\u00eb n\u00eb familje.<\/p>\n<p>Kryetari i Gjilanit ka anuluar t\u00eb gjitha aktivitetet festive dhe kulturore p\u00ebr nder t\u00eb 28 n\u00ebntorit, nd\u00ebrsa mjetet e parapara financiare n\u00eb vler\u00eb prej 4 mij\u00eb euro i dedikohen familjes Abazi, p\u00ebrderisa Qeveria e Kosov\u00ebs ka ndar 20 mij\u00eb euro.<\/p>\n<p>Kjo \u00ebsht\u00eb xhirollogararia zyrtare:<\/p>\n<p>FFK \u2013 INICIATIV\u00cb P\u00cbR NDIHM\u00cb FAMILJES ABAZI<br \/>\nFAMILJA ABAZI \/ 60000 GJILAN<br \/>\nNR. i KONTOS: 1960004798031154<br \/>\nNR i IBAN: XK05 1960 0047 9803 1154<br \/>\nBIC\/SWIFT: NCBAXKPRXXX<br \/>\nBanka: BANKA KOMB\u00cbTARE TREGTARE<\/p>\n","protected":false},"excerpt":{"rendered":"<p>Kryetari i Komun\u00ebs s\u00eb Gjilanit, Lutfi Haziri s\u00eb bashku me abasadorin e Shqip\u00ebris\u00eb n\u00eb Kosov\u00eb, Qemal Minxhozi, t\u00eb cil\u00ebt shoq\u00ebroheshin edhe nga atasheu ushtarak i Republik\u00ebs s\u00eb Shqip\u00ebris\u00eb n\u00eb k\u00ebt\u00eb Ambasad\u00eb, Gjenerali Conbalaj, n\u00ebnkryetari i Komun\u00ebs, k\u00ebshilltar\u00ebt komunal e drejtor\u00ebt e institucioneve, kan\u00eb q\u00ebndruar sot p\u00ebr vizit\u00eb ngush\u00eblluese n\u00eb familjen Abazi, e cila humbi dy [&hellip;]<\/p>\n","protected":false},"author":1,"featured_media":49247,"comment_status":"closed","ping_status":"closed","sticky":false,"template":"","format":"standard","meta":{"footnotes":""},"categories":[5],"tags":[],"class_list":{"0":"post-49246","1":"post","2":"type-post","3":"status-publish","4":"format-standard","5":"has-post-thumbnail","7":"category-lajme"},"_links":{"self":[{"href":"https:\/\/radiostargjilan.com\/web\/wp-json\/wp\/v2\/posts\/49246","targetHints":{"allow":["GET"]}}],"collection":[{"href":"https:\/\/radiostargjilan.com\/web\/wp-json\/wp\/v2\/posts"}],"about":[{"href":"https:\/\/radiostargjilan.com\/web\/wp-json\/wp\/v2\/types\/post"}],"author":[{"embeddable":true,"href":"https:\/\/radiostargjilan.com\/web\/wp-json\/wp\/v2\/users\/1"}],"replies":[{"embeddable":true,"href":"https:\/\/radiostargjilan.com\/web\/wp-json\/wp\/v2\/comments?post=49246"}],"version-history":[{"count":0,"href":"https:\/\/radiostargjilan.com\/web\/wp-json\/wp\/v2\/posts\/49246\/revisions"}],"wp:featuredmedia":[{"embeddable":true,"href":"https:\/\/radiostargjilan.com\/web\/wp-json\/wp\/v2\/media\/49247"}],"wp:attachment":[{"href":"https:\/\/radiostargjilan.com\/web\/wp-json\/wp\/v2\/media?parent=49246"}],"wp:term":[{"taxonomy":"category","embeddable":true,"href":"https:\/\/radiostargjilan.com\/web\/wp-json\/wp\/v2\/categories?post=49246"},{"taxonomy":"post_tag","embeddable":true,"href":"https:\/\/radiostargjilan.com\/web\/wp-json\/wp\/v2\/tags?post=49246"}],"curies":[{"name":"wp","href":"https:\/\/api.w.org\/{rel}","templated":true}]}}