{"id":49709,"date":"2019-12-10T12:17:43","date_gmt":"2019-12-10T12:17:43","guid":{"rendered":"http:\/\/radiostargjilan.com\/web\/?p=49709"},"modified":"2019-12-10T12:17:43","modified_gmt":"2019-12-10T12:17:43","slug":"kryeziu-ja-pse-nuk-kemi-liberalizim-te-vizave","status":"publish","type":"post","link":"https:\/\/radiostargjilan.com\/web\/kryeziu-ja-pse-nuk-kemi-liberalizim-te-vizave\/","title":{"rendered":"Kryeziu: Ja pse nuk kemi liberalizim t\u00eb vizave"},"content":{"rendered":"<p>Lufta kund\u00ebr krimit t\u00eb organizuar dhe korrupsionit \u00ebsht\u00eb kusht\u00ebzimi q\u00eb vazhdon t\u00eb p\u00ebrmendet edhe sot e k\u00ebsaj dite nga shum\u00eb shtetet t\u00eb Bashkimit Evropian, kur vjen puna p\u00ebr liberalizimin e vizave p\u00ebr kosovar\u00ebt, shkruan Gazeta Express.<\/p>\n<p>Lidhur me k\u00ebt\u00eb \u00e7\u00ebshtje, deputeti i zgjedhur nga L\u00ebvizja Vet\u00ebvendosje, Taulant Kryeziu, thot\u00eb se institucionet e drejt\u00ebsis\u00eb n\u00eb Kosov\u00eb kan\u00eb d\u00ebshtuar q\u00eb t\u00eb p\u00ebrfundojn\u00eb qoft\u00eb edhe nj\u00eb rast t\u00eb vet\u00ebm t\u00eb profilit t\u00eb lart\u00eb t\u00eb korrupsionit.<\/p>\n<p>Kryeziu p\u00ebrmes nj\u00eb reagimi n\u00eb facebook, ka th\u00ebn\u00eb se deri tani nuk \u00ebsht\u00eb shqiptuar as edhe nj\u00eb dit\u00eb burg e nuk \u00ebsht\u00eb konfiskuar as edhe 1 cent nga pasuria e pa ligjshme.<\/p>\n<p>Sipas an\u00ebtarit t\u00eb VV\u2019s\u00eb, Kosova duhet \u00e7liruar nga kapja dhe p\u00ebr t\u00eb kthyer besimin tek qytetar\u00ebt.<\/p>\n<p>\u201cSa i p\u00ebrket luft\u00ebs kund\u00ebr korrupsionit dhe krimit t\u00eb organizuar, duhet kthyer besimi i verb\u00ebrt n\u00eb pavar\u00ebsin\u00eb e sistemit t\u00eb drejt\u00ebsis\u00eb. Politika asnj\u00ebher\u00eb nuk guxon t\u00eb nd\u00ebrhy n\u00eb pun\u00ebn e organeve ligj-zbatues. Qytetari pret q\u00eb fuqia e hekurt e drejt\u00ebsis\u00eb t\u00eb tregoj veten tek i fuqishmi ,e jo vet\u00ebm tek i dob\u00ebti, te politikan\u00ebt e korruptuar q\u00eb kan\u00eb vjedhur shtetin, jo te qytetari i r\u00ebndomt\u00eb t\u00eb cilit i ka mbetur vet\u00ebm djersa e tij\u201d, ka shkruar ai.<\/p>\n<p>Shkrimi i plot\u00eb:<\/p>\n<p>Pse nuk kemi liberalizim t\u00eb vizave?<\/p>\n<p>L\u00ebvizja e lir\u00eb \u00ebsht\u00eb e drejt\u00eb themelore. Kosova mbetet i vetmi vend n\u00eb Ballkanin Per\u00ebndimor i cili nuk g\u00ebzon l\u00ebvizjen e lir\u00eb n\u00eb zon\u00ebn Shengen.<\/p>\n<p>\u00c7ysh nga maji 2016, kur BE-ja k\u00ebrkoj nga Kosova luftimin e korrupsionit dhe krimit t\u00eb organizuar, por institucionet tona nuk arrit\u00ebn t\u00eb p\u00ebrfundojn\u00eb as edhe nj\u00eb rast t\u00eb vet\u00ebm t\u00eb profilit t\u00eb lart\u00eb t\u00eb korrupsionit, as edhe 1 dit\u00eb burg efektiv ndonj\u00eb politikani, apo t\u00eb konfiskojn\u00eb edhe 1 cent nga pasuria e pa ligjshme e tyre.<\/p>\n<p>11 vite nga pavar\u00ebsia, Raporti i Vendit Komisionit Evropian i vitit 2019 thot\u00eb se: \u201cKorrupsioni \u00ebsht\u00eb i p\u00ebrhapur n\u00eb gjitha nivelet institucionale, nd\u00ebrsa sistemi i drejt\u00ebsis\u00eb mbetet n\u00ebn ndikimin politik\u201d.<\/p>\n<p>M\u00eb 29 n\u00ebntor 2018, Rezoluta e Parlamentit Evropian tha: \u201cshprehim shqet\u00ebsim p\u00ebr korrupsionin i cili \u00ebsht\u00eb i p\u00ebrhapur n\u00eb gjitha nivelet institucionale, dhe elementet e shtetit t\u00eb kapur\u201d.<\/p>\n<p>Ne mendojm\u00eb se p\u00ebr t\u00eb fituar liberalizimin e vizave dhe p\u00ebr t\u00eb siguruar l\u00ebvizjen e lir\u00eb t\u00eb qytetar\u00ebve, fillimisht na duhet t\u00eb \u00e7lirojm\u00eb shtetin nga politikan\u00ebt e korruptuar dhe krimi, duhet kthyer besimi i qytetar\u00ebve tek past\u00ebrtia dhe kredibiliteti i politikan\u00ebve p\u00ebr t\u00eb luftuar korrupsionin dhe krimin e organizuar.<\/p>\n<p>Sa i p\u00ebrket luft\u00ebs kund\u00ebr korrupsionit dhe krimit t\u00eb organizuar, duhet kthyer besimi i verb\u00ebrt n\u00eb pavar\u00ebsin\u00eb e sistemit t\u00eb drejt\u00ebsis\u00eb. Politika asnj\u00ebher\u00eb nuk guxon t\u00eb nd\u00ebrhy n\u00eb pun\u00ebn e organeve ligj-zbatues. Qytetari pret q\u00eb fuqia e hekurt e drejt\u00ebsis\u00eb t\u00eb tregoj veten tek i fuqishmiq,e jo vetem tek i dob\u00ebti, te politikan\u00ebt e korruptuar q\u00eb kan\u00eb vjedhur shtetin, jo te qytetari i r\u00ebndomt\u00eb t\u00eb cilit i ka mbetur vet\u00ebm djersa e tij.<\/p>\n<p>VETTING-u n\u00eb sistemin e drejt\u00ebsis\u00eb q\u00eb n\u00ebnkupton shoshitja e past\u00ebrtis\u00eb se figur\u00ebs gjith\u00eb prokuror\u00ebve dhe gjyqtareve, policis\u00eb se Kosov\u00ebs dhe inteligjenc\u00ebs, \u00ebsht\u00eb kushti kryesor p\u00ebr t\u00eb mund\u00ebsuar vendosjen e individ\u00ebve me integritet te plote, te cil\u00ebt jan\u00eb t\u00eb aft\u00eb p\u00ebr t\u00eb hetuar dhe gjykuar profile te larta politike.<\/p>\n<p>Vet\u00ebm me ket\u00eb vullnet politik ne mund te bindim vendet an\u00ebtare hezituese te cilat vendimmarrjen p\u00ebr liberalizimin e vizave e kane lidhur kryek\u00ebput me luftimin e korrupsionit dhe krimit te organizuar.<\/p>\n<p>#javakund\u00ebrkorrupsionit<\/p>\n<p>#liberalizimivizave<\/p>\n","protected":false},"excerpt":{"rendered":"<p>Lufta kund\u00ebr krimit t\u00eb organizuar dhe korrupsionit \u00ebsht\u00eb kusht\u00ebzimi q\u00eb vazhdon t\u00eb p\u00ebrmendet edhe sot e k\u00ebsaj dite nga shum\u00eb shtetet t\u00eb Bashkimit Evropian, kur vjen puna p\u00ebr liberalizimin e vizave p\u00ebr kosovar\u00ebt, shkruan Gazeta Express. Lidhur me k\u00ebt\u00eb \u00e7\u00ebshtje, deputeti i zgjedhur nga L\u00ebvizja Vet\u00ebvendosje, Taulant Kryeziu, thot\u00eb se institucionet e drejt\u00ebsis\u00eb n\u00eb Kosov\u00eb [&hellip;]<\/p>\n","protected":false},"author":1,"featured_media":49710,"comment_status":"closed","ping_status":"closed","sticky":false,"template":"","format":"standard","meta":{"footnotes":""},"categories":[5],"tags":[],"class_list":{"0":"post-49709","1":"post","2":"type-post","3":"status-publish","4":"format-standard","5":"has-post-thumbnail","7":"category-lajme"},"_links":{"self":[{"href":"https:\/\/radiostargjilan.com\/web\/wp-json\/wp\/v2\/posts\/49709","targetHints":{"allow":["GET"]}}],"collection":[{"href":"https:\/\/radiostargjilan.com\/web\/wp-json\/wp\/v2\/posts"}],"about":[{"href":"https:\/\/radiostargjilan.com\/web\/wp-json\/wp\/v2\/types\/post"}],"author":[{"embeddable":true,"href":"https:\/\/radiostargjilan.com\/web\/wp-json\/wp\/v2\/users\/1"}],"replies":[{"embeddable":true,"href":"https:\/\/radiostargjilan.com\/web\/wp-json\/wp\/v2\/comments?post=49709"}],"version-history":[{"count":0,"href":"https:\/\/radiostargjilan.com\/web\/wp-json\/wp\/v2\/posts\/49709\/revisions"}],"wp:featuredmedia":[{"embeddable":true,"href":"https:\/\/radiostargjilan.com\/web\/wp-json\/wp\/v2\/media\/49710"}],"wp:attachment":[{"href":"https:\/\/radiostargjilan.com\/web\/wp-json\/wp\/v2\/media?parent=49709"}],"wp:term":[{"taxonomy":"category","embeddable":true,"href":"https:\/\/radiostargjilan.com\/web\/wp-json\/wp\/v2\/categories?post=49709"},{"taxonomy":"post_tag","embeddable":true,"href":"https:\/\/radiostargjilan.com\/web\/wp-json\/wp\/v2\/tags?post=49709"}],"curies":[{"name":"wp","href":"https:\/\/api.w.org\/{rel}","templated":true}]}}