{"id":50338,"date":"2019-12-23T09:01:29","date_gmt":"2019-12-23T09:01:29","guid":{"rendered":"http:\/\/radiostargjilan.com\/web\/?p=50338"},"modified":"2019-12-23T10:15:34","modified_gmt":"2019-12-23T10:15:34","slug":"ka-nderruar-jete-agim-shkodra-ish-trajner-i-hc-drita-2","status":"publish","type":"post","link":"https:\/\/radiostargjilan.com\/web\/ka-nderruar-jete-agim-shkodra-ish-trajner-i-hc-drita-2\/","title":{"rendered":"Ka nd\u00ebrruar jet\u00eb Agim Shkodra ish-trajner i HC Drita"},"content":{"rendered":"<p>Ka nd\u00ebrruar jet\u00eb ish trajner i HC Drita Agim Shkodra. Lajmi p\u00ebr humbjen e tij \u00ebsht\u00eb b\u00ebr\u00eb i ditur nga familjar\u00ebt e tij.<\/p>\n<p>Shkodra p\u00ebr vite me radh\u00eb ka qen\u00eb sportist i dalluar dhe shum\u00eb i respektuar n\u00eb komunitetin e sportit.<\/p>\n<p>Vdekja e tij \u00ebsht\u00eb humbje e madhe, jo vet\u00ebm p\u00ebr familjen, por edhe p\u00ebr rrethin m\u00eb t\u00eb gjer\u00eb dhe sportin gjilanas.<\/p>\n<p>Agim Shkodra vdiq n\u00eb mosh\u00ebn 59 vje\u00e7are, nd\u00ebrsa varrimi i tij do t\u00eb b\u00ebhet sot (e h\u00ebn\u00eb) n\u00eb Gjilan<\/p>\n<p>Njoftimi :<\/p>\n<p>Miq\u00eb t\u00eb nderuar<\/p>\n<p>Ju b\u00ebj\u00eb me dije se Babi jon AGIM SHKODRA ndrroi jet\u00eb sot me 23.12.2019 Vorrimi i t\u00eb ndjerit b\u00ebhet sod me ikindi<\/p>\n","protected":false},"excerpt":{"rendered":"<p>Ka nd\u00ebrruar jet\u00eb ish trajner i HC Drita Agim Shkodra. Lajmi p\u00ebr humbjen e tij \u00ebsht\u00eb b\u00ebr\u00eb i ditur nga familjar\u00ebt e tij. Shkodra p\u00ebr vite me radh\u00eb ka qen\u00eb sportist i dalluar dhe shum\u00eb i respektuar n\u00eb komunitetin e sportit. Vdekja e tij \u00ebsht\u00eb humbje e madhe, jo vet\u00ebm p\u00ebr familjen, por edhe p\u00ebr [&hellip;]<\/p>\n","protected":false},"author":1,"featured_media":50339,"comment_status":"closed","ping_status":"closed","sticky":false,"template":"","format":"standard","meta":{"footnotes":""},"categories":[5],"tags":[],"class_list":{"0":"post-50338","1":"post","2":"type-post","3":"status-publish","4":"format-standard","5":"has-post-thumbnail","7":"category-lajme"},"_links":{"self":[{"href":"https:\/\/radiostargjilan.com\/web\/wp-json\/wp\/v2\/posts\/50338","targetHints":{"allow":["GET"]}}],"collection":[{"href":"https:\/\/radiostargjilan.com\/web\/wp-json\/wp\/v2\/posts"}],"about":[{"href":"https:\/\/radiostargjilan.com\/web\/wp-json\/wp\/v2\/types\/post"}],"author":[{"embeddable":true,"href":"https:\/\/radiostargjilan.com\/web\/wp-json\/wp\/v2\/users\/1"}],"replies":[{"embeddable":true,"href":"https:\/\/radiostargjilan.com\/web\/wp-json\/wp\/v2\/comments?post=50338"}],"version-history":[{"count":0,"href":"https:\/\/radiostargjilan.com\/web\/wp-json\/wp\/v2\/posts\/50338\/revisions"}],"wp:featuredmedia":[{"embeddable":true,"href":"https:\/\/radiostargjilan.com\/web\/wp-json\/wp\/v2\/media\/50339"}],"wp:attachment":[{"href":"https:\/\/radiostargjilan.com\/web\/wp-json\/wp\/v2\/media?parent=50338"}],"wp:term":[{"taxonomy":"category","embeddable":true,"href":"https:\/\/radiostargjilan.com\/web\/wp-json\/wp\/v2\/categories?post=50338"},{"taxonomy":"post_tag","embeddable":true,"href":"https:\/\/radiostargjilan.com\/web\/wp-json\/wp\/v2\/tags?post=50338"}],"curies":[{"name":"wp","href":"https:\/\/api.w.org\/{rel}","templated":true}]}}