{"id":50456,"date":"2019-12-25T11:00:30","date_gmt":"2019-12-25T11:00:30","guid":{"rendered":"http:\/\/radiostargjilan.com\/web\/?p=50456"},"modified":"2019-12-25T11:00:30","modified_gmt":"2019-12-25T11:00:30","slug":"nje-alternative-per-kalimin-e-ngercit-lvv-ldk","status":"publish","type":"post","link":"https:\/\/radiostargjilan.com\/web\/nje-alternative-per-kalimin-e-ngercit-lvv-ldk\/","title":{"rendered":"Nj\u00eb alternativ\u00eb p\u00ebr kalimin e ng\u00ebr\u00e7it LVV &#8211; LDK"},"content":{"rendered":"<p>T\u00eb enjten pritet t\u00eb mbahet seanca konstituive, nd\u00ebrkaq LVV-ja dhe LDK-ja ende nuk jan\u00eb marr\u00eb vesh p\u00ebr arritjen e marr\u00ebveshjes finale. Asnj\u00ebra prej partive nuk kan\u00eb njoftuar zyrtarisht se kur do t\u00eb ndodh\u00eb p\u00ebrballja e radh\u00ebs mes lider\u00ebve t\u00eb subjekteve negociuese, megjith\u00ebk\u00ebt\u00eb deri te mbledhja konstituive pal\u00ebt tashm\u00eb pritet t\u2019i b\u00ebjn\u00eb orvatjet e fundit p\u00ebr t\u2019i kap\u00ebrcyer ndasit\u00eb ekzistuese.<\/p>\n<p>Duke par\u00eb ng\u00ebr\u00e7in e krijuar mes LVV-s\u00eb dhe LDK-s\u00eb njoh\u00ebsi i \u00e7\u00ebshtjeve politike Naim Rashiti ka ofruar nj\u00eb alternativ\u00eb se si mund t\u00eb vihet deri te marr\u00ebveshja p\u00ebr formimin e qeveris\u00eb s\u00eb ardhshme. \u201cQeveria t\u00eb p\u00ebrb\u00ebhet nga 15-16 ministri, LVV-ja ta marr\u00eb kryeministrin dhe 6 ministri, LDK-ja ta marr\u00eb z\u00ebvend\u00ebskryeministrin e par\u00eb dhe 7 ministri, minoritetet t\u2019i marrin 3 ministri\u201d, ka deklaruar ai.<\/p>\n<p>N\u00eb kuad\u00ebr t\u00eb k\u00ebsaj Rashiti ka paraqitur edhe nj\u00eb opsion sa i p\u00ebrket pozit\u00ebs s\u00eb presidentit, pik\u00ebs q\u00eb deri tash ka bllokuar marr\u00ebveshjen mes dy partive dialoguese. \u201cKur t\u00eb vij\u00eb koha shefat e grupeve parlamentare t\u00eb LDK-s\u00eb dhe t\u00eb LVV-s\u00eb propozojn\u00eb me konsensus kandidatin p\u00ebr president, me kusht q\u00eb kandidatura t\u00eb jet\u00eb e pranueshme s\u00eb paku edhe p\u00ebr nj\u00eb pjes\u00eb t\u00eb opozit\u00ebs, shkruan gazeta Z\u00ebri.<\/p>\n<p> Pra m\u00eb shum\u00eb se votat e koalicionit qeveris\u00ebs. N\u00eb rast t\u00eb d\u00ebshtimit t\u00eb k\u00ebtij kandidati, sipas s\u00eb nj\u00ebjt\u00ebs procedur\u00eb, shefat e grupeve parlamentare t\u00eb LDK-s\u00eb e t\u00eb LVV-s\u00eb t\u00eb marrin miratimin e opozit\u00ebs p\u00ebr kandidatin\/en tjet\u00ebr p\u00ebr president\u201d, ka theksuar ai. N\u00eb t\u00eb kund\u00ebrt\u00ebn n\u00eb rast se dyja pal\u00ebt vazhdojn\u00eb me zvarritje Rashiti ka th\u00ebn\u00eb se ato nuk do t\u00eb b\u00ebjn\u00eb asgj\u00eb, pos q\u00eb do t\u2019i p\u00ebrs\u00ebrisin skenar\u00ebt e qeverive t\u00eb kaluara. \u201cN\u00ebse LVV-ja dhe LDK-ja zvarrisin procesin e formimit t\u00eb institucioneve p\u00ebr shkak t\u00eb balancimit t\u00eb forcave, ato do t\u00eb b\u00ebjn\u00eb at\u00eb \u00e7ka qeverit\u00eb e kaluara kan\u00eb b\u00ebr\u00eb. Pra asgj\u00eb ndryshe\u201d, ka potencuar ai.\/ Z\u00ebri.<\/p>\n","protected":false},"excerpt":{"rendered":"<p>T\u00eb enjten pritet t\u00eb mbahet seanca konstituive, nd\u00ebrkaq LVV-ja dhe LDK-ja ende nuk jan\u00eb marr\u00eb vesh p\u00ebr arritjen e marr\u00ebveshjes finale. Asnj\u00ebra prej partive nuk kan\u00eb njoftuar zyrtarisht se kur do t\u00eb ndodh\u00eb p\u00ebrballja e radh\u00ebs mes lider\u00ebve t\u00eb subjekteve negociuese, megjith\u00ebk\u00ebt\u00eb deri te mbledhja konstituive pal\u00ebt tashm\u00eb pritet t\u2019i b\u00ebjn\u00eb orvatjet e fundit p\u00ebr [&hellip;]<\/p>\n","protected":false},"author":1,"featured_media":50364,"comment_status":"closed","ping_status":"closed","sticky":false,"template":"","format":"standard","meta":{"footnotes":""},"categories":[5],"tags":[],"class_list":{"0":"post-50456","1":"post","2":"type-post","3":"status-publish","4":"format-standard","5":"has-post-thumbnail","7":"category-lajme"},"_links":{"self":[{"href":"https:\/\/radiostargjilan.com\/web\/wp-json\/wp\/v2\/posts\/50456","targetHints":{"allow":["GET"]}}],"collection":[{"href":"https:\/\/radiostargjilan.com\/web\/wp-json\/wp\/v2\/posts"}],"about":[{"href":"https:\/\/radiostargjilan.com\/web\/wp-json\/wp\/v2\/types\/post"}],"author":[{"embeddable":true,"href":"https:\/\/radiostargjilan.com\/web\/wp-json\/wp\/v2\/users\/1"}],"replies":[{"embeddable":true,"href":"https:\/\/radiostargjilan.com\/web\/wp-json\/wp\/v2\/comments?post=50456"}],"version-history":[{"count":0,"href":"https:\/\/radiostargjilan.com\/web\/wp-json\/wp\/v2\/posts\/50456\/revisions"}],"wp:featuredmedia":[{"embeddable":true,"href":"https:\/\/radiostargjilan.com\/web\/wp-json\/wp\/v2\/media\/50364"}],"wp:attachment":[{"href":"https:\/\/radiostargjilan.com\/web\/wp-json\/wp\/v2\/media?parent=50456"}],"wp:term":[{"taxonomy":"category","embeddable":true,"href":"https:\/\/radiostargjilan.com\/web\/wp-json\/wp\/v2\/categories?post=50456"},{"taxonomy":"post_tag","embeddable":true,"href":"https:\/\/radiostargjilan.com\/web\/wp-json\/wp\/v2\/tags?post=50456"}],"curies":[{"name":"wp","href":"https:\/\/api.w.org\/{rel}","templated":true}]}}