{"id":50521,"date":"2019-12-26T16:49:33","date_gmt":"2019-12-26T16:49:33","guid":{"rendered":"http:\/\/radiostargjilan.com\/web\/?p=50521"},"modified":"2019-12-26T16:49:33","modified_gmt":"2019-12-26T16:49:33","slug":"perjetesimi-i-emrave-te-veprimtareve-te-kauzes-sone-kombetare-dhe-ushtareve-te-lirise-eshte-detyre-jona-perderisa-ata-bene-gjithcka-per-atdheun-dhe-lirine-tone","status":"publish","type":"post","link":"https:\/\/radiostargjilan.com\/web\/perjetesimi-i-emrave-te-veprimtareve-te-kauzes-sone-kombetare-dhe-ushtareve-te-lirise-eshte-detyre-jona-perderisa-ata-bene-gjithcka-per-atdheun-dhe-lirine-tone\/","title":{"rendered":"P\u00ebrjet\u00ebsimi i emrave t\u00eb veprimtar\u00ebve t\u00eb kauz\u00ebs son\u00eb komb\u00ebtare dhe ushtar\u00ebve t\u00eb liris\u00eb, \u00ebsht\u00eb detyr\u00eb jona, p\u00ebrderisa ata b\u00ebn\u00eb gjith\u00e7ka p\u00ebr atdheun dhe lirin\u00eb ton\u00eb"},"content":{"rendered":"<p>N\u00eb seanc\u00ebn e sotme t\u00eb Kuvendit t\u00eb Komun\u00ebs, nd\u00ebr t\u00eb tjera, me theks t\u00eb ve\u00e7ant\u00eb kam ngritur shqet\u00ebsimin e qytetar\u00ebve t\u00eb dy lagjeve dhe t\u00eb nj\u00eb familjeje n\u00eb Fshaton Livoq t\u00eb Ep\u00ebrm, lidhur me refuzimin e Komisionit p\u00ebr ankesa t\u00eb pal\u00ebve t\u00eb paknaqur n\u00eb procesin e em\u00ebrtimit t\u00eb rrug\u00ebve t\u00eb Komun\u00ebn e Gjilanit. <\/p>\n<p>N\u00eb diskutimin tim, kam shprehur v\u00ebrejtjet dhe brengosjen e qytetar\u00ebve p\u00ebr k\u00ebt\u00eb \u00e7\u00ebshtje, duke prezentuar para kuvendit faktografi me relevanc\u00eb si d\u00ebshmi arsyetuese   p\u00ebr em\u00ebrtimin e nj\u00eb rruge n\u00eb qytet me emrin e veprimtarit t\u00eb dalluar, aktiv t\u00eb \u00e7\u00ebshtjes komb\u00ebtare, t\u00eb burgosurin poltik, dhe ushtarin e liris\u00eb, Reshat Sadiku (tash n\u00eb bot\u00ebn e amshimit).<\/p>\n<p>Poashtu, n\u00eb k\u00ebt\u00eb kuad\u00ebr, kam paraqitur edhe arsyeshm\u00ebrin\u00eb p\u00ebr em\u00ebrtimin e nj\u00eb rruge n\u00eb Lagjen \u201cKodra e D\u00ebshmor\u00ebve\u201d, me emrin e veprimtarit, humanistit, t\u00eb burgosurit politik, Bedri Qerimi (edhe ky tashm\u00eb n\u00eb bot\u00ebn e amshimit).<\/p>\n<p>Me k\u00ebt\u00eb rast, ndjehem i lumtur dhe fal\u00ebnderoj t\u00eb gjith\u00eb kuvendar\u00ebt, q\u00eb pa hezitim i mb\u00ebshtet\u00ebn n\u00eb parim k\u00ebto dy propozime meritore, p\u00ebr p\u00ebrjet\u00ebsimin e k\u00ebtyre dy emrave t\u00eb spikatur, n\u00eb rrug\u00ebt e qytetit, q\u00eb na b\u00ebjn\u00eb nder t\u00eb gjith\u00eb neve.<\/p>\n<p>Pas miratimit t\u00eb k\u00ebtyre propozimeve, Komisioni mori obligim, me p\u00ebrgjegj\u00ebsin\u00eb e Kuvendit, q\u00eb ta plot\u00ebsoj aspektin procedural \u2013 teknik, p\u00ebr zbatimin e k\u00ebtyre vendimi.  <\/p>\n<p>Edhe p\u00ebr rastin e nj\u00eb kontesti, q\u00eb e ngrita n\u00eb k\u00ebt\u00eb seanc\u00eb, t\u00eb nd\u00ebrrimit t\u00eb em\u00ebrtimit t\u00eb nj\u00eb rruge private n\u00eb Livoq t\u00eb Ep\u00ebrm, k\u00ebrkes\u00eb e familjes Krasniqi, komisioni morri obligim q\u00eb me mir\u00ebkuptimin e k\u00ebtyre dy familjeve (familjen e d\u00ebshmorit Sherif Sherifi dhe t\u00eb asaj t\u00eb Nezir Krasniqit), t\u00eb b\u00ebjn\u00eb nj\u00eb zgjidhje adekuate, p\u00ebr t\u00eb cil\u00ebn shpresoj se do t\u00eb realizohet me mir\u00ebkuptim.<\/p>\n<p>Shefik Surdulli \/ k\u00ebshilltar Komunal, nga PDK Gjilan\/<\/p>\n","protected":false},"excerpt":{"rendered":"<p>N\u00eb seanc\u00ebn e sotme t\u00eb Kuvendit t\u00eb Komun\u00ebs, nd\u00ebr t\u00eb tjera, me theks t\u00eb ve\u00e7ant\u00eb kam ngritur shqet\u00ebsimin e qytetar\u00ebve t\u00eb dy lagjeve dhe t\u00eb nj\u00eb familjeje n\u00eb Fshaton Livoq t\u00eb Ep\u00ebrm, lidhur me refuzimin e Komisionit p\u00ebr ankesa t\u00eb pal\u00ebve t\u00eb paknaqur n\u00eb procesin e em\u00ebrtimit t\u00eb rrug\u00ebve t\u00eb Komun\u00ebn e Gjilanit. N\u00eb diskutimin [&hellip;]<\/p>\n","protected":false},"author":1,"featured_media":50522,"comment_status":"closed","ping_status":"closed","sticky":false,"template":"","format":"standard","meta":{"footnotes":""},"categories":[5],"tags":[],"class_list":{"0":"post-50521","1":"post","2":"type-post","3":"status-publish","4":"format-standard","5":"has-post-thumbnail","7":"category-lajme"},"_links":{"self":[{"href":"https:\/\/radiostargjilan.com\/web\/wp-json\/wp\/v2\/posts\/50521","targetHints":{"allow":["GET"]}}],"collection":[{"href":"https:\/\/radiostargjilan.com\/web\/wp-json\/wp\/v2\/posts"}],"about":[{"href":"https:\/\/radiostargjilan.com\/web\/wp-json\/wp\/v2\/types\/post"}],"author":[{"embeddable":true,"href":"https:\/\/radiostargjilan.com\/web\/wp-json\/wp\/v2\/users\/1"}],"replies":[{"embeddable":true,"href":"https:\/\/radiostargjilan.com\/web\/wp-json\/wp\/v2\/comments?post=50521"}],"version-history":[{"count":0,"href":"https:\/\/radiostargjilan.com\/web\/wp-json\/wp\/v2\/posts\/50521\/revisions"}],"wp:featuredmedia":[{"embeddable":true,"href":"https:\/\/radiostargjilan.com\/web\/wp-json\/wp\/v2\/media\/50522"}],"wp:attachment":[{"href":"https:\/\/radiostargjilan.com\/web\/wp-json\/wp\/v2\/media?parent=50521"}],"wp:term":[{"taxonomy":"category","embeddable":true,"href":"https:\/\/radiostargjilan.com\/web\/wp-json\/wp\/v2\/categories?post=50521"},{"taxonomy":"post_tag","embeddable":true,"href":"https:\/\/radiostargjilan.com\/web\/wp-json\/wp\/v2\/tags?post=50521"}],"curies":[{"name":"wp","href":"https:\/\/api.w.org\/{rel}","templated":true}]}}