{"id":51082,"date":"2020-01-13T19:02:02","date_gmt":"2020-01-13T19:02:02","guid":{"rendered":"http:\/\/radiostargjilan.com\/web\/?p=51082"},"modified":"2020-01-13T19:02:02","modified_gmt":"2020-01-13T19:02:02","slug":"perkunder-vonesave-nuk-kane-hyre-afatet-kohore-kushtetuese-per-presione","status":"publish","type":"post","link":"https:\/\/radiostargjilan.com\/web\/perkunder-vonesave-nuk-kane-hyre-afatet-kohore-kushtetuese-per-presione\/","title":{"rendered":"P\u00ebrkund\u00ebr vonesave, nuk kan\u00eb hyr\u00eb afatet kohore kushtetuese p\u00ebr presione"},"content":{"rendered":"<p>Let\u00ebr shk\u00ebmbimi mes presidentit, Hashim Tha\u00e7i dhe pretendentit p\u00ebr kryeminist\u00ebr, Albin Kurti po konsiderohen nga njoh\u00ebsit e Kushtetut\u00ebs si manovrime politike t\u00eb nj\u00ebri-tjetrit.<\/p>\n<p>Ata thon\u00eb se presidenti nuk duhet t\u00eb b\u00ebj presion me an\u00eb t\u00eb letrave, pasi sipas tyre nuk ka asnj\u00eb baz\u00eb kushtetuese tjet\u00ebr p\u00ebrve\u00e7 t\u00eb pres marr\u00ebveshjen potenciale, megjithat\u00eb, theksojn\u00eb se kjo nga kandidati p\u00ebr kryeminist\u00ebr nuk duhet t\u00eb shkoj\u00eb n\u00eb pakufi.<\/p>\n<p>Profesori universitar Mazllum Baraliu p\u00ebr KosovaPress, thot\u00eb s\u00eb p\u00ebrkund\u00ebr vonesave, ende s\u2019kan\u00eb hyr\u00eb afatet kohore kushtetuese p\u00ebr presione, por shton se edhe presidenti e ka detyrim kushtetues t\u00eb p\u00ebrkujdeset p\u00ebr mbar\u00ebvajtjen e institucioneve.<\/p>\n<p>Krahas saj, Baraliu thot\u00eb se letra e presidentit Tha\u00e7i n\u00eb nj\u00ebrin opsion mund t\u00eb shihet edhe si q\u00ebllim mire p\u00ebr themelimin e qeveris\u00eb sa m\u00eb par\u00eb.<\/p>\n<p>Nd\u00ebrsa, njoh\u00ebsi tjet\u00ebr i Kushtetut\u00ebs, profesori universitar, Riza Smaka thot\u00eb se presidenti i vendit nuk \u00ebsht\u00eb i autorizuar p\u00ebr t\u00eb b\u00ebr\u00eb presion, po shton se \u00ebsht\u00eb detyr\u00eb e tij q\u00eb t\u00eb b\u00ebj\u00eb \u00e7mos q\u00eb t\u00eb em\u00ebrohet mandatari p\u00ebr kryeminist\u00ebr.<\/p>\n<p>Por mbi gjith\u00eb k\u00ebt\u00eb situat\u00eb t\u00eb krijuar, fajtore p\u00ebr Smak\u00ebn \u00ebsht\u00eb LDK. Sipas tij, k\u00ebrkesat e saj jan\u00eb megalomane dhe t\u00eb pajustifikueshme me asgj\u00eb.<\/p>\n<p>Prej takimit t\u00eb para nj\u00eb jave mes presidentit, Hashin Tha\u00e7i dhe pretendentit p\u00ebr kryeminist\u00ebr, Albin Kurti kan\u00eb pasuar dy let\u00ebr shk\u00ebmbime mes nj\u00ebri-tjetrit, i pari i ka k\u00ebrkuar mandatarin partis\u00eb fituese t\u00eb zgjedhjeve t\u00eb 6 tetorit, L\u00ebvizjes Vet\u00ebvendose, derisa ky i dyti sot p\u00ebrmes nj\u00eb letre tjet\u00ebr i ka cil\u00ebsuar k\u00ebto si presione.<\/p>\n","protected":false},"excerpt":{"rendered":"<p>Let\u00ebr shk\u00ebmbimi mes presidentit, Hashim Tha\u00e7i dhe pretendentit p\u00ebr kryeminist\u00ebr, Albin Kurti po konsiderohen nga njoh\u00ebsit e Kushtetut\u00ebs si manovrime politike t\u00eb nj\u00ebri-tjetrit. Ata thon\u00eb se presidenti nuk duhet t\u00eb b\u00ebj presion me an\u00eb t\u00eb letrave, pasi sipas tyre nuk ka asnj\u00eb baz\u00eb kushtetuese tjet\u00ebr p\u00ebrve\u00e7 t\u00eb pres marr\u00ebveshjen potenciale, megjithat\u00eb, theksojn\u00eb se kjo nga [&hellip;]<\/p>\n","protected":false},"author":1,"featured_media":50894,"comment_status":"closed","ping_status":"closed","sticky":false,"template":"","format":"standard","meta":{"footnotes":""},"categories":[5],"tags":[],"class_list":{"0":"post-51082","1":"post","2":"type-post","3":"status-publish","4":"format-standard","5":"has-post-thumbnail","7":"category-lajme"},"_links":{"self":[{"href":"https:\/\/radiostargjilan.com\/web\/wp-json\/wp\/v2\/posts\/51082","targetHints":{"allow":["GET"]}}],"collection":[{"href":"https:\/\/radiostargjilan.com\/web\/wp-json\/wp\/v2\/posts"}],"about":[{"href":"https:\/\/radiostargjilan.com\/web\/wp-json\/wp\/v2\/types\/post"}],"author":[{"embeddable":true,"href":"https:\/\/radiostargjilan.com\/web\/wp-json\/wp\/v2\/users\/1"}],"replies":[{"embeddable":true,"href":"https:\/\/radiostargjilan.com\/web\/wp-json\/wp\/v2\/comments?post=51082"}],"version-history":[{"count":0,"href":"https:\/\/radiostargjilan.com\/web\/wp-json\/wp\/v2\/posts\/51082\/revisions"}],"wp:featuredmedia":[{"embeddable":true,"href":"https:\/\/radiostargjilan.com\/web\/wp-json\/wp\/v2\/media\/50894"}],"wp:attachment":[{"href":"https:\/\/radiostargjilan.com\/web\/wp-json\/wp\/v2\/media?parent=51082"}],"wp:term":[{"taxonomy":"category","embeddable":true,"href":"https:\/\/radiostargjilan.com\/web\/wp-json\/wp\/v2\/categories?post=51082"},{"taxonomy":"post_tag","embeddable":true,"href":"https:\/\/radiostargjilan.com\/web\/wp-json\/wp\/v2\/tags?post=51082"}],"curies":[{"name":"wp","href":"https:\/\/api.w.org\/{rel}","templated":true}]}}