{"id":51287,"date":"2020-01-19T14:41:26","date_gmt":"2020-01-19T14:41:26","guid":{"rendered":"http:\/\/radiostargjilan.com\/web\/?p=51287"},"modified":"2020-01-19T14:41:26","modified_gmt":"2020-01-19T14:41:26","slug":"ismajli-i-konfirmon-familjes-zeka-sivjet-vendoset-shtatorja-e-heroit-kadri-zeka","status":"publish","type":"post","link":"https:\/\/radiostargjilan.com\/web\/ismajli-i-konfirmon-familjes-zeka-sivjet-vendoset-shtatorja-e-heroit-kadri-zeka\/","title":{"rendered":"Ismajli i konfirmon familjes Zeka: Sivjet vendoset shtatorja e heroit Kadri Zeka"},"content":{"rendered":"<p>Pas shtatoreve t\u00eb heronjve Idriz Seferi, Mulla Idriz Gjilani e Agim Ramadani, gjat\u00eb vitit do t\u00eb vendoset n\u00eb qend\u00ebr t\u00eb Gjilanit edhe shtatorja e kryengrit\u00ebsit t\u00eb madh p\u00ebr lirin\u00eb e shiptar\u00ebve, Kadri Zeka, e cila po b\u00ebhet me iniciativ\u00eb t\u00eb kreut t\u00eb k\u00ebsaj komune, Lutfi Haziri.<\/p>\n<p>Lajmi u b\u00eb i ditur pas vizit\u00ebs s\u00eb n\u00ebnkryetarit t\u00eb Gjilanit, Arb\u00ebr Ismajli, n\u00eb familjen e heroit t\u00eb kombit, Kadri Zeka.<\/p>\n<p>\u201cN\u00eb 38-vjetorin e r\u00ebnies, kam ardh\u00eb me ta p\u00ebrcjell\u00eb porosin\u00eb e kryetarit Lutfi Haziri se gjat\u00eb k\u00ebtij viti do t\u00eb vendoset edhe shtatorja e heroit, Kadri Zeka, i cili do t\u2019i b\u00ebj\u00eb roje liris\u00eb s\u00eb Kosov\u00ebs\u201d, ka th\u00ebn\u00eb Ismajli, gjat\u00eb vizit\u00ebs tek familja Zeka, ku \u00ebsht\u00eb pritur nga z. Shaip Zeka, raporton Mediafokus.info.<\/p>\n<p>E ky i fundit \u00ebsht\u00eb shprehur t\u00eb jet\u00eb tejet i emocionuar dhe fal\u00ebnderues me t\u00eb marr\u00eb lajmin e shum\u00ebpritur,<\/p>\n<p>N\u00eb 28 n\u00ebntorin e vitit 2017 \u00ebsht\u00eb vendosur shtatorja e Idriz Seferit, nd\u00ebrkaq n\u00eb 28 n\u00ebntorin e vitit q\u00eb lam\u00eb pas, jan\u00eb vendosur shtatoret e heronjve, Mulla Idriz Gjilani e Agim Ramadani.<\/p>\n<p>Ndryshe, m\u00eb 17 janar i vitit 1982, n\u00eb Untergrupenbach t\u00eb Gjermanis\u00eb, u vran\u00eb n\u00eb nj\u00eb atentat v\u00ebllez\u00ebrit Jusuf e Bardhosh G\u00ebrvalla dhe Kadri Zeka.\/MediaFokus\/<\/p>\n","protected":false},"excerpt":{"rendered":"<p>Pas shtatoreve t\u00eb heronjve Idriz Seferi, Mulla Idriz Gjilani e Agim Ramadani, gjat\u00eb vitit do t\u00eb vendoset n\u00eb qend\u00ebr t\u00eb Gjilanit edhe shtatorja e kryengrit\u00ebsit t\u00eb madh p\u00ebr lirin\u00eb e shiptar\u00ebve, Kadri Zeka, e cila po b\u00ebhet me iniciativ\u00eb t\u00eb kreut t\u00eb k\u00ebsaj komune, Lutfi Haziri. Lajmi u b\u00eb i ditur pas vizit\u00ebs s\u00eb n\u00ebnkryetarit [&hellip;]<\/p>\n","protected":false},"author":1,"featured_media":51288,"comment_status":"closed","ping_status":"closed","sticky":false,"template":"","format":"standard","meta":{"footnotes":""},"categories":[5],"tags":[],"class_list":{"0":"post-51287","1":"post","2":"type-post","3":"status-publish","4":"format-standard","5":"has-post-thumbnail","7":"category-lajme"},"_links":{"self":[{"href":"https:\/\/radiostargjilan.com\/web\/wp-json\/wp\/v2\/posts\/51287","targetHints":{"allow":["GET"]}}],"collection":[{"href":"https:\/\/radiostargjilan.com\/web\/wp-json\/wp\/v2\/posts"}],"about":[{"href":"https:\/\/radiostargjilan.com\/web\/wp-json\/wp\/v2\/types\/post"}],"author":[{"embeddable":true,"href":"https:\/\/radiostargjilan.com\/web\/wp-json\/wp\/v2\/users\/1"}],"replies":[{"embeddable":true,"href":"https:\/\/radiostargjilan.com\/web\/wp-json\/wp\/v2\/comments?post=51287"}],"version-history":[{"count":0,"href":"https:\/\/radiostargjilan.com\/web\/wp-json\/wp\/v2\/posts\/51287\/revisions"}],"wp:featuredmedia":[{"embeddable":true,"href":"https:\/\/radiostargjilan.com\/web\/wp-json\/wp\/v2\/media\/51288"}],"wp:attachment":[{"href":"https:\/\/radiostargjilan.com\/web\/wp-json\/wp\/v2\/media?parent=51287"}],"wp:term":[{"taxonomy":"category","embeddable":true,"href":"https:\/\/radiostargjilan.com\/web\/wp-json\/wp\/v2\/categories?post=51287"},{"taxonomy":"post_tag","embeddable":true,"href":"https:\/\/radiostargjilan.com\/web\/wp-json\/wp\/v2\/tags?post=51287"}],"curies":[{"name":"wp","href":"https:\/\/api.w.org\/{rel}","templated":true}]}}