{"id":51577,"date":"2020-01-31T09:59:01","date_gmt":"2020-01-31T09:59:01","guid":{"rendered":"http:\/\/radiostargjilan.com\/web\/?p=51577"},"modified":"2020-01-31T09:59:01","modified_gmt":"2020-01-31T09:59:01","slug":"haziri-vjosa-osmani-mund-te-jete-kryetare-e-kuvendit-per-nje-vit","status":"publish","type":"post","link":"https:\/\/radiostargjilan.com\/web\/haziri-vjosa-osmani-mund-te-jete-kryetare-e-kuvendit-per-nje-vit\/","title":{"rendered":"Haziri: Vjosa Osmani mund t\u00eb jet\u00eb kryetare e Kuvendit p\u00ebr nj\u00eb vit"},"content":{"rendered":"<p>Haziri gjithashtu tha se koalicioni nuk \u00ebsht\u00eb i pamundur, por ka v\u00ebshtir\u00ebsi.<\/p>\n<p>N\u00ebnkryetari i Lidhjes Demokratike t\u00eb Kosov\u00ebs, Lutfi Haziri, n\u00eb emisionin Pressing t\u00eb T7, ka th\u00ebn\u00eb se kandidatja p\u00ebr kryeministre nga radh\u00ebt e LDK\u2019s\u00eb, Vjosa Osmani, mund t\u00eb jet\u00eb kryetare e Kuvendit p\u00ebr nj\u00eb vit.<\/p>\n<p> \u201cPresidenti \u00ebsht\u00eb \u00e7\u00ebshtje e mbyllur, por ka mbetur vet\u00ebm \u00e7\u00ebshtja e kryeparlamentarit. E Vjosa Osmani ka mund\u00ebsi t\u00eb jet\u00eb kryetare e kuvendit p\u00ebr nj\u00eb vit\u201d \u00ebsht\u00eb shprehur Haziri n\u00eb Pressing.<\/p>\n<p>Nd\u00ebrsa p\u00ebr formimin e koalicionit me L\u00ebvizjen Vet\u00ebvendosje, Haziri tha s\u00eb \u00ebsht\u00eb i v\u00ebshtir\u00eb, por jo i pamundur.<\/p>\n<p>\u201cKoalicioni nuk \u00ebsht\u00eb i pamundur, por ka v\u00ebshtir\u00ebsi\u201d, shtoi Haziri.<\/p>\n","protected":false},"excerpt":{"rendered":"<p>Haziri gjithashtu tha se koalicioni nuk \u00ebsht\u00eb i pamundur, por ka v\u00ebshtir\u00ebsi. N\u00ebnkryetari i Lidhjes Demokratike t\u00eb Kosov\u00ebs, Lutfi Haziri, n\u00eb emisionin Pressing t\u00eb T7, ka th\u00ebn\u00eb se kandidatja p\u00ebr kryeministre nga radh\u00ebt e LDK\u2019s\u00eb, Vjosa Osmani, mund t\u00eb jet\u00eb kryetare e Kuvendit p\u00ebr nj\u00eb vit. \u201cPresidenti \u00ebsht\u00eb \u00e7\u00ebshtje e mbyllur, por ka mbetur vet\u00ebm [&hellip;]<\/p>\n","protected":false},"author":1,"featured_media":50737,"comment_status":"closed","ping_status":"closed","sticky":false,"template":"","format":"standard","meta":{"footnotes":""},"categories":[5],"tags":[],"class_list":{"0":"post-51577","1":"post","2":"type-post","3":"status-publish","4":"format-standard","5":"has-post-thumbnail","7":"category-lajme"},"_links":{"self":[{"href":"https:\/\/radiostargjilan.com\/web\/wp-json\/wp\/v2\/posts\/51577","targetHints":{"allow":["GET"]}}],"collection":[{"href":"https:\/\/radiostargjilan.com\/web\/wp-json\/wp\/v2\/posts"}],"about":[{"href":"https:\/\/radiostargjilan.com\/web\/wp-json\/wp\/v2\/types\/post"}],"author":[{"embeddable":true,"href":"https:\/\/radiostargjilan.com\/web\/wp-json\/wp\/v2\/users\/1"}],"replies":[{"embeddable":true,"href":"https:\/\/radiostargjilan.com\/web\/wp-json\/wp\/v2\/comments?post=51577"}],"version-history":[{"count":0,"href":"https:\/\/radiostargjilan.com\/web\/wp-json\/wp\/v2\/posts\/51577\/revisions"}],"wp:featuredmedia":[{"embeddable":true,"href":"https:\/\/radiostargjilan.com\/web\/wp-json\/wp\/v2\/media\/50737"}],"wp:attachment":[{"href":"https:\/\/radiostargjilan.com\/web\/wp-json\/wp\/v2\/media?parent=51577"}],"wp:term":[{"taxonomy":"category","embeddable":true,"href":"https:\/\/radiostargjilan.com\/web\/wp-json\/wp\/v2\/categories?post=51577"},{"taxonomy":"post_tag","embeddable":true,"href":"https:\/\/radiostargjilan.com\/web\/wp-json\/wp\/v2\/tags?post=51577"}],"curies":[{"name":"wp","href":"https:\/\/api.w.org\/{rel}","templated":true}]}}